{"id":18505,"date":"2023-03-15T11:53:00","date_gmt":"2023-03-15T17:53:00","guid":{"rendered":"https:\/\/cedhchihuahua.org.mx\/wp\/?p=18505"},"modified":"2023-08-11T11:57:16","modified_gmt":"2023-08-11T17:57:16","slug":"promocion-de-iniciativas-de-cooperacion-entre-el-sector-social-publico-y-privado","status":"publish","type":"post","link":"https:\/\/cedhchihuahua.org.mx\/wp\/2023\/03\/15\/promocion-de-iniciativas-de-cooperacion-entre-el-sector-social-publico-y-privado\/","title":{"rendered":"Promoci\u00f3n de iniciativas de cooperaci\u00f3n entre el sector social, p\u00fablico y privado"},"content":{"rendered":"<div class=\"ead-preview\"><div class=\"ead-document\" style=\"position: relative;padding-top: 90%\"><div class=\"ead-iframe-wrapper\"><iframe src=\"\/\/docs.google.com\/viewer?url=https%3A%2F%2Fcedhchihuahua.org.mx%2Fportal%2FArchivos%2Funidadgenero%2F2023%252003%252014%2520Promover%2520iniciativas%2520de%2520cooperacion%2520entre%2520el%2520sector%2520social%2520publico%2520privado.pdf&amp;embedded=true&amp;hl=en\" title=\"Documento incrustado\" class=\"ead-iframe\" style=\"width: 100%;height: 100%;border: none;position: absolute;left: 0;top: 0;visibility: hidden;\"><\/iframe><\/div>\t\t\t<div class=\"ead-document-loading\" style=\"width:100%;height:100%;position:absolute;left:0;top:0;z-index:10\">\n\t\t\t\t<div class=\"ead-loading-wrap\">\n\t\t\t\t\t<div class=\"ead-loading-main\">\n\t\t\t\t\t\t<div class=\"ead-loading\">\n\t\t\t\t\t\t\t<img decoding=\"async\" src=\"https:\/\/cedhchihuahua.org.mx\/wp\/wp-content\/plugins\/embed-any-document\/images\/loading.svg\" width=\"55\" height=\"55\" alt=\"Cargador\">\n\t\t\t\t\t\t\t<span>Cargando&#8230;<\/span>\n\t\t\t\t\t\t<\/div>\n\t\t\t\t\t<\/div>\n\t\t\t\t\t<div class=\"ead-loading-foot\">\n\t\t\t\t\t\t<div class=\"ead-loading-foot-title\">\n\t\t\t\t\t\t\t<img decoding=\"async\" src=\"https:\/\/cedhchihuahua.org.mx\/wp\/wp-content\/plugins\/embed-any-document\/images\/EAD-logo.svg\" alt=\"Logotipo de EAD\" width=\"36\" height=\"23\"\/>\n\t\t\t\t\t\t\t<span>\u00bfTarda demasiado?<\/span>\n\t\t\t\t\t\t<\/div>\n\t\t\t\t\t\t<p>\n\t\t\t\t\t\t\t<div class=\"ead-document-btn ead-reload-btn\" role=\"button\">\n\t\t\t\t\t\t\t\t<img decoding=\"async\" src=\"https:\/\/cedhchihuahua.org.mx\/wp\/wp-content\/plugins\/embed-any-document\/images\/reload.svg\" alt=\"Recargar\" width=\"12\" height=\"12\"\/> Recargar el documento\t\t\t\t\t\t\t<\/div>\n\t\t\t\t\t\t\t<span>|<\/span>\n\t\t\t\t\t\t\t<a href=\"https:\/\/cedhchihuahua.org.mx\/portal\/Archivos\/unidadgenero\/2023%2003%2014%20Promover%20iniciativas%20de%20cooperacion%20entre%20el%20sector%20social%20publico%20privado.pdf\" class=\"ead-document-btn\" target=\"_blank\">\n\t\t\t\t\t\t\t\t<img loading=\"lazy\" decoding=\"async\" src=\"https:\/\/cedhchihuahua.org.mx\/wp\/wp-content\/plugins\/embed-any-document\/images\/open.svg\" alt=\"Abrir\" width=\"12\" height=\"12\"\/> Abrir en una nueva pesta\u00f1a\t\t\t\t\t\t\t<\/a>\n\t\t\t\t\t<\/div>\n\t\t\t\t<\/div>\n\t\t\t<\/div>\n\t\t<\/div><p class=\"embed_download\"><a href=\"https:\/\/cedhchihuahua.org.mx\/portal\/Archivos\/unidadgenero\/2023%2003%2014%20Promover%20iniciativas%20de%20cooperacion%20entre%20el%20sector%20social%20publico%20privado.pdf\" download>\ud83d\udcc4Descargar <\/a><\/p><\/div>","protected":false},"excerpt":{"rendered":"","protected":false},"author":69,"featured_media":18506,"comment_status":"closed","ping_status":"closed","sticky":false,"template":"","format":"standard","meta":{"footnotes":""},"categories":[20,9],"tags":[],"class_list":["post-18505","post","type-post","status-publish","format-standard","has-post-thumbnail","hentry","category-capacitacion-interna","category-genero"],"yoast_head":"<!-- This site is optimized with the Yoast SEO plugin v27.4 - https:\/\/yoast.com\/product\/yoast-seo-wordpress\/ -->\n<title>Promoci\u00f3n de iniciativas de cooperaci\u00f3n entre el sector social, p\u00fablico y privado | Comisi\u00f3n Estatal de los Derechos Humanos de Chihuahua<\/title>\n<meta name=\"robots\" content=\"index, follow, max-snippet:-1, max-image-preview:large, max-video-preview:-1\" \/>\n<link rel=\"canonical\" href=\"https:\/\/cedhchihuahua.org.mx\/wp\/2023\/03\/15\/promocion-de-iniciativas-de-cooperacion-entre-el-sector-social-publico-y-privado\/\" \/>\n<meta property=\"og:locale\" content=\"es_ES\" \/>\n<meta property=\"og:type\" content=\"article\" \/>\n<meta property=\"og:title\" content=\"Promoci\u00f3n de iniciativas de cooperaci\u00f3n entre el sector social, p\u00fablico y privado | Comisi\u00f3n Estatal de los Derechos Humanos de Chihuahua\" \/>\n<meta property=\"og:url\" content=\"https:\/\/cedhchihuahua.org.mx\/wp\/2023\/03\/15\/promocion-de-iniciativas-de-cooperacion-entre-el-sector-social-publico-y-privado\/\" \/>\n<meta property=\"og:site_name\" content=\"Comisi\u00f3n Estatal de los Derechos Humanos de Chihuahua\" \/>\n<meta property=\"article:publisher\" content=\"https:\/\/www.facebook.com\/CEDHChihuahua\" \/>\n<meta property=\"article:published_time\" content=\"2023-03-15T17:53:00+00:00\" \/>\n<meta property=\"article:modified_time\" content=\"2023-08-11T17:57:16+00:00\" \/>\n<meta property=\"og:image\" content=\"https:\/\/cedhchihuahua.org.mx\/wp\/wp-content\/uploads\/2023\/08\/07.png\" \/>\n\t<meta property=\"og:image:width\" content=\"1005\" \/>\n\t<meta property=\"og:image:height\" content=\"548\" \/>\n\t<meta property=\"og:image:type\" content=\"image\/png\" \/>\n<meta name=\"author\" content=\"David Andr\u00e9s Rivera Coronado\" \/>\n<meta name=\"twitter:card\" content=\"summary_large_image\" \/>\n<meta name=\"twitter:creator\" content=\"@cedhchihuahua\" \/>\n<meta name=\"twitter:site\" content=\"@cedhchihuahua\" \/>\n<meta name=\"twitter:label1\" content=\"Escrito por\" \/>\n\t<meta name=\"twitter:data1\" content=\"David Andr\u00e9s Rivera Coronado\" \/>\n\t<meta name=\"twitter:label2\" content=\"Tiempo de lectura\" \/>\n\t<meta name=\"twitter:data2\" content=\"1 minuto\" \/>\n<script type=\"application\/ld+json\" class=\"yoast-schema-graph\">{\"@context\":\"https:\\\/\\\/schema.org\",\"@graph\":[{\"@type\":\"Article\",\"@id\":\"https:\\\/\\\/cedhchihuahua.org.mx\\\/wp\\\/2023\\\/03\\\/15\\\/promocion-de-iniciativas-de-cooperacion-entre-el-sector-social-publico-y-privado\\\/#article\",\"isPartOf\":{\"@id\":\"https:\\\/\\\/cedhchihuahua.org.mx\\\/wp\\\/2023\\\/03\\\/15\\\/promocion-de-iniciativas-de-cooperacion-entre-el-sector-social-publico-y-privado\\\/\"},\"author\":{\"name\":\"David Andr\u00e9s Rivera Coronado\",\"@id\":\"https:\\\/\\\/cedhchihuahua.org.mx\\\/wp\\\/#\\\/schema\\\/person\\\/502949b8fd3069917a6785e55db9bb16\"},\"headline\":\"Promoci\u00f3n de iniciativas de cooperaci\u00f3n entre el sector social, p\u00fablico y privado\",\"datePublished\":\"2023-03-15T17:53:00+00:00\",\"dateModified\":\"2023-08-11T17:57:16+00:00\",\"mainEntityOfPage\":{\"@id\":\"https:\\\/\\\/cedhchihuahua.org.mx\\\/wp\\\/2023\\\/03\\\/15\\\/promocion-de-iniciativas-de-cooperacion-entre-el-sector-social-publico-y-privado\\\/\"},\"wordCount\":35,\"publisher\":{\"@id\":\"https:\\\/\\\/cedhchihuahua.org.mx\\\/wp\\\/#organization\"},\"image\":{\"@id\":\"https:\\\/\\\/cedhchihuahua.org.mx\\\/wp\\\/2023\\\/03\\\/15\\\/promocion-de-iniciativas-de-cooperacion-entre-el-sector-social-publico-y-privado\\\/#primaryimage\"},\"thumbnailUrl\":\"https:\\\/\\\/cedhchihuahua.org.mx\\\/wp\\\/wp-content\\\/uploads\\\/2023\\\/08\\\/07.png\",\"articleSection\":[\"Capacitaci\u00f3n Interna\",\"Igualdad de G\u00e9nero\"],\"inLanguage\":\"es\"},{\"@type\":\"WebPage\",\"@id\":\"https:\\\/\\\/cedhchihuahua.org.mx\\\/wp\\\/2023\\\/03\\\/15\\\/promocion-de-iniciativas-de-cooperacion-entre-el-sector-social-publico-y-privado\\\/\",\"url\":\"https:\\\/\\\/cedhchihuahua.org.mx\\\/wp\\\/2023\\\/03\\\/15\\\/promocion-de-iniciativas-de-cooperacion-entre-el-sector-social-publico-y-privado\\\/\",\"name\":\"Promoci\u00f3n de iniciativas de cooperaci\u00f3n entre el sector social, p\u00fablico y privado | Comisi\u00f3n Estatal de los Derechos Humanos de Chihuahua\",\"isPartOf\":{\"@id\":\"https:\\\/\\\/cedhchihuahua.org.mx\\\/wp\\\/#website\"},\"primaryImageOfPage\":{\"@id\":\"https:\\\/\\\/cedhchihuahua.org.mx\\\/wp\\\/2023\\\/03\\\/15\\\/promocion-de-iniciativas-de-cooperacion-entre-el-sector-social-publico-y-privado\\\/#primaryimage\"},\"image\":{\"@id\":\"https:\\\/\\\/cedhchihuahua.org.mx\\\/wp\\\/2023\\\/03\\\/15\\\/promocion-de-iniciativas-de-cooperacion-entre-el-sector-social-publico-y-privado\\\/#primaryimage\"},\"thumbnailUrl\":\"https:\\\/\\\/cedhchihuahua.org.mx\\\/wp\\\/wp-content\\\/uploads\\\/2023\\\/08\\\/07.png\",\"datePublished\":\"2023-03-15T17:53:00+00:00\",\"dateModified\":\"2023-08-11T17:57:16+00:00\",\"breadcrumb\":{\"@id\":\"https:\\\/\\\/cedhchihuahua.org.mx\\\/wp\\\/2023\\\/03\\\/15\\\/promocion-de-iniciativas-de-cooperacion-entre-el-sector-social-publico-y-privado\\\/#breadcrumb\"},\"inLanguage\":\"es\",\"potentialAction\":[{\"@type\":\"ReadAction\",\"target\":[\"https:\\\/\\\/cedhchihuahua.org.mx\\\/wp\\\/2023\\\/03\\\/15\\\/promocion-de-iniciativas-de-cooperacion-entre-el-sector-social-publico-y-privado\\\/\"]}]},{\"@type\":\"ImageObject\",\"inLanguage\":\"es\",\"@id\":\"https:\\\/\\\/cedhchihuahua.org.mx\\\/wp\\\/2023\\\/03\\\/15\\\/promocion-de-iniciativas-de-cooperacion-entre-el-sector-social-publico-y-privado\\\/#primaryimage\",\"url\":\"https:\\\/\\\/cedhchihuahua.org.mx\\\/wp\\\/wp-content\\\/uploads\\\/2023\\\/08\\\/07.png\",\"contentUrl\":\"https:\\\/\\\/cedhchihuahua.org.mx\\\/wp\\\/wp-content\\\/uploads\\\/2023\\\/08\\\/07.png\",\"width\":1005,\"height\":548},{\"@type\":\"BreadcrumbList\",\"@id\":\"https:\\\/\\\/cedhchihuahua.org.mx\\\/wp\\\/2023\\\/03\\\/15\\\/promocion-de-iniciativas-de-cooperacion-entre-el-sector-social-publico-y-privado\\\/#breadcrumb\",\"itemListElement\":[{\"@type\":\"ListItem\",\"position\":1,\"name\":\"Inicio\",\"item\":\"https:\\\/\\\/cedhchihuahua.org.mx\\\/wp\\\/\"},{\"@type\":\"ListItem\",\"position\":2,\"name\":\"Igualdad de G\u00e9nero\",\"item\":\"https:\\\/\\\/cedhchihuahua.org.mx\\\/wp\\\/area\\\/genero\\\/\"},{\"@type\":\"ListItem\",\"position\":3,\"name\":\"Promoci\u00f3n de iniciativas de cooperaci\u00f3n entre el sector social, p\u00fablico y privado\"}]},{\"@type\":\"WebSite\",\"@id\":\"https:\\\/\\\/cedhchihuahua.org.mx\\\/wp\\\/#website\",\"url\":\"https:\\\/\\\/cedhchihuahua.org.mx\\\/wp\\\/\",\"name\":\"Comisi\u00f3n Estatal de los Derechos Humanos de Chihuahua\",\"description\":\"\",\"publisher\":{\"@id\":\"https:\\\/\\\/cedhchihuahua.org.mx\\\/wp\\\/#organization\"},\"alternateName\":\"CEDH Chihuahua\",\"potentialAction\":[{\"@type\":\"SearchAction\",\"target\":{\"@type\":\"EntryPoint\",\"urlTemplate\":\"https:\\\/\\\/cedhchihuahua.org.mx\\\/wp\\\/?s={search_term_string}\"},\"query-input\":{\"@type\":\"PropertyValueSpecification\",\"valueRequired\":true,\"valueName\":\"search_term_string\"}}],\"inLanguage\":\"es\"},{\"@type\":\"Organization\",\"@id\":\"https:\\\/\\\/cedhchihuahua.org.mx\\\/wp\\\/#organization\",\"name\":\"Comisi\u00f3n Estatal de los Derechos Humanos de Chihuahua\",\"alternateName\":\"CEDH Chihuahua\",\"url\":\"https:\\\/\\\/cedhchihuahua.org.mx\\\/wp\\\/\",\"logo\":{\"@type\":\"ImageObject\",\"inLanguage\":\"es\",\"@id\":\"https:\\\/\\\/cedhchihuahua.org.mx\\\/wp\\\/#\\\/schema\\\/logo\\\/image\\\/\",\"url\":\"https:\\\/\\\/cedhchihuahua.org.mx\\\/wp\\\/wp-content\\\/uploads\\\/2021\\\/05\\\/cedh-2024.png\",\"contentUrl\":\"https:\\\/\\\/cedhchihuahua.org.mx\\\/wp\\\/wp-content\\\/uploads\\\/2021\\\/05\\\/cedh-2024.png\",\"width\":827,\"height\":929,\"caption\":\"Comisi\u00f3n Estatal de los Derechos Humanos de Chihuahua\"},\"image\":{\"@id\":\"https:\\\/\\\/cedhchihuahua.org.mx\\\/wp\\\/#\\\/schema\\\/logo\\\/image\\\/\"},\"sameAs\":[\"https:\\\/\\\/www.facebook.com\\\/CEDHChihuahua\",\"https:\\\/\\\/x.com\\\/cedhchihuahua\",\"https:\\\/\\\/www.instagram.com\\\/cedhchih\\\/\",\"https:\\\/\\\/www.youtube.com\\\/@cedhchih\",\"https:\\\/\\\/www.tiktok.com\\\/@cedhchih\"]},{\"@type\":\"Person\",\"@id\":\"https:\\\/\\\/cedhchihuahua.org.mx\\\/wp\\\/#\\\/schema\\\/person\\\/502949b8fd3069917a6785e55db9bb16\",\"name\":\"David Andr\u00e9s Rivera Coronado\",\"image\":{\"@type\":\"ImageObject\",\"inLanguage\":\"es\",\"@id\":\"https:\\\/\\\/secure.gravatar.com\\\/avatar\\\/d6f120a1e6b33d36551e5ff28a3c7825c3797ad7a7446d8b6374cfc3981348d9?s=96&d=blank&r=g\",\"url\":\"https:\\\/\\\/secure.gravatar.com\\\/avatar\\\/d6f120a1e6b33d36551e5ff28a3c7825c3797ad7a7446d8b6374cfc3981348d9?s=96&d=blank&r=g\",\"contentUrl\":\"https:\\\/\\\/secure.gravatar.com\\\/avatar\\\/d6f120a1e6b33d36551e5ff28a3c7825c3797ad7a7446d8b6374cfc3981348d9?s=96&d=blank&r=g\",\"caption\":\"David Andr\u00e9s Rivera Coronado\"},\"url\":\"https:\\\/\\\/cedhchihuahua.org.mx\\\/wp\\\/author\\\/davidrivera\\\/\"}]}<\/script>\n<!-- \/ Yoast SEO plugin. -->","yoast_head_json":{"title":"Promoci\u00f3n de iniciativas de cooperaci\u00f3n entre el sector social, p\u00fablico y privado | Comisi\u00f3n Estatal de los Derechos Humanos de Chihuahua","robots":{"index":"index","follow":"follow","max-snippet":"max-snippet:-1","max-image-preview":"max-image-preview:large","max-video-preview":"max-video-preview:-1"},"canonical":"https:\/\/cedhchihuahua.org.mx\/wp\/2023\/03\/15\/promocion-de-iniciativas-de-cooperacion-entre-el-sector-social-publico-y-privado\/","og_locale":"es_ES","og_type":"article","og_title":"Promoci\u00f3n de iniciativas de cooperaci\u00f3n entre el sector social, p\u00fablico y privado | Comisi\u00f3n Estatal de los Derechos Humanos de Chihuahua","og_url":"https:\/\/cedhchihuahua.org.mx\/wp\/2023\/03\/15\/promocion-de-iniciativas-de-cooperacion-entre-el-sector-social-publico-y-privado\/","og_site_name":"Comisi\u00f3n Estatal de los Derechos Humanos de Chihuahua","article_publisher":"https:\/\/www.facebook.com\/CEDHChihuahua","article_published_time":"2023-03-15T17:53:00+00:00","article_modified_time":"2023-08-11T17:57:16+00:00","og_image":[{"width":1005,"height":548,"url":"https:\/\/cedhchihuahua.org.mx\/wp\/wp-content\/uploads\/2023\/08\/07.png","type":"image\/png"}],"author":"David Andr\u00e9s Rivera Coronado","twitter_card":"summary_large_image","twitter_creator":"@cedhchihuahua","twitter_site":"@cedhchihuahua","twitter_misc":{"Escrito por":"David Andr\u00e9s Rivera Coronado","Tiempo de lectura":"1 minuto"},"schema":{"@context":"https:\/\/schema.org","@graph":[{"@type":"Article","@id":"https:\/\/cedhchihuahua.org.mx\/wp\/2023\/03\/15\/promocion-de-iniciativas-de-cooperacion-entre-el-sector-social-publico-y-privado\/#article","isPartOf":{"@id":"https:\/\/cedhchihuahua.org.mx\/wp\/2023\/03\/15\/promocion-de-iniciativas-de-cooperacion-entre-el-sector-social-publico-y-privado\/"},"author":{"name":"David Andr\u00e9s Rivera Coronado","@id":"https:\/\/cedhchihuahua.org.mx\/wp\/#\/schema\/person\/502949b8fd3069917a6785e55db9bb16"},"headline":"Promoci\u00f3n de iniciativas de cooperaci\u00f3n entre el sector social, p\u00fablico y privado","datePublished":"2023-03-15T17:53:00+00:00","dateModified":"2023-08-11T17:57:16+00:00","mainEntityOfPage":{"@id":"https:\/\/cedhchihuahua.org.mx\/wp\/2023\/03\/15\/promocion-de-iniciativas-de-cooperacion-entre-el-sector-social-publico-y-privado\/"},"wordCount":35,"publisher":{"@id":"https:\/\/cedhchihuahua.org.mx\/wp\/#organization"},"image":{"@id":"https:\/\/cedhchihuahua.org.mx\/wp\/2023\/03\/15\/promocion-de-iniciativas-de-cooperacion-entre-el-sector-social-publico-y-privado\/#primaryimage"},"thumbnailUrl":"https:\/\/cedhchihuahua.org.mx\/wp\/wp-content\/uploads\/2023\/08\/07.png","articleSection":["Capacitaci\u00f3n Interna","Igualdad de G\u00e9nero"],"inLanguage":"es"},{"@type":"WebPage","@id":"https:\/\/cedhchihuahua.org.mx\/wp\/2023\/03\/15\/promocion-de-iniciativas-de-cooperacion-entre-el-sector-social-publico-y-privado\/","url":"https:\/\/cedhchihuahua.org.mx\/wp\/2023\/03\/15\/promocion-de-iniciativas-de-cooperacion-entre-el-sector-social-publico-y-privado\/","name":"Promoci\u00f3n de iniciativas de cooperaci\u00f3n entre el sector social, p\u00fablico y privado | Comisi\u00f3n Estatal de los Derechos Humanos de Chihuahua","isPartOf":{"@id":"https:\/\/cedhchihuahua.org.mx\/wp\/#website"},"primaryImageOfPage":{"@id":"https:\/\/cedhchihuahua.org.mx\/wp\/2023\/03\/15\/promocion-de-iniciativas-de-cooperacion-entre-el-sector-social-publico-y-privado\/#primaryimage"},"image":{"@id":"https:\/\/cedhchihuahua.org.mx\/wp\/2023\/03\/15\/promocion-de-iniciativas-de-cooperacion-entre-el-sector-social-publico-y-privado\/#primaryimage"},"thumbnailUrl":"https:\/\/cedhchihuahua.org.mx\/wp\/wp-content\/uploads\/2023\/08\/07.png","datePublished":"2023-03-15T17:53:00+00:00","dateModified":"2023-08-11T17:57:16+00:00","breadcrumb":{"@id":"https:\/\/cedhchihuahua.org.mx\/wp\/2023\/03\/15\/promocion-de-iniciativas-de-cooperacion-entre-el-sector-social-publico-y-privado\/#breadcrumb"},"inLanguage":"es","potentialAction":[{"@type":"ReadAction","target":["https:\/\/cedhchihuahua.org.mx\/wp\/2023\/03\/15\/promocion-de-iniciativas-de-cooperacion-entre-el-sector-social-publico-y-privado\/"]}]},{"@type":"ImageObject","inLanguage":"es","@id":"https:\/\/cedhchihuahua.org.mx\/wp\/2023\/03\/15\/promocion-de-iniciativas-de-cooperacion-entre-el-sector-social-publico-y-privado\/#primaryimage","url":"https:\/\/cedhchihuahua.org.mx\/wp\/wp-content\/uploads\/2023\/08\/07.png","contentUrl":"https:\/\/cedhchihuahua.org.mx\/wp\/wp-content\/uploads\/2023\/08\/07.png","width":1005,"height":548},{"@type":"BreadcrumbList","@id":"https:\/\/cedhchihuahua.org.mx\/wp\/2023\/03\/15\/promocion-de-iniciativas-de-cooperacion-entre-el-sector-social-publico-y-privado\/#breadcrumb","itemListElement":[{"@type":"ListItem","position":1,"name":"Inicio","item":"https:\/\/cedhchihuahua.org.mx\/wp\/"},{"@type":"ListItem","position":2,"name":"Igualdad de G\u00e9nero","item":"https:\/\/cedhchihuahua.org.mx\/wp\/area\/genero\/"},{"@type":"ListItem","position":3,"name":"Promoci\u00f3n de iniciativas de cooperaci\u00f3n entre el sector social, p\u00fablico y privado"}]},{"@type":"WebSite","@id":"https:\/\/cedhchihuahua.org.mx\/wp\/#website","url":"https:\/\/cedhchihuahua.org.mx\/wp\/","name":"Comisi\u00f3n Estatal de los Derechos Humanos de Chihuahua","description":"","publisher":{"@id":"https:\/\/cedhchihuahua.org.mx\/wp\/#organization"},"alternateName":"CEDH Chihuahua","potentialAction":[{"@type":"SearchAction","target":{"@type":"EntryPoint","urlTemplate":"https:\/\/cedhchihuahua.org.mx\/wp\/?s={search_term_string}"},"query-input":{"@type":"PropertyValueSpecification","valueRequired":true,"valueName":"search_term_string"}}],"inLanguage":"es"},{"@type":"Organization","@id":"https:\/\/cedhchihuahua.org.mx\/wp\/#organization","name":"Comisi\u00f3n Estatal de los Derechos Humanos de Chihuahua","alternateName":"CEDH Chihuahua","url":"https:\/\/cedhchihuahua.org.mx\/wp\/","logo":{"@type":"ImageObject","inLanguage":"es","@id":"https:\/\/cedhchihuahua.org.mx\/wp\/#\/schema\/logo\/image\/","url":"https:\/\/cedhchihuahua.org.mx\/wp\/wp-content\/uploads\/2021\/05\/cedh-2024.png","contentUrl":"https:\/\/cedhchihuahua.org.mx\/wp\/wp-content\/uploads\/2021\/05\/cedh-2024.png","width":827,"height":929,"caption":"Comisi\u00f3n Estatal de los Derechos Humanos de Chihuahua"},"image":{"@id":"https:\/\/cedhchihuahua.org.mx\/wp\/#\/schema\/logo\/image\/"},"sameAs":["https:\/\/www.facebook.com\/CEDHChihuahua","https:\/\/x.com\/cedhchihuahua","https:\/\/www.instagram.com\/cedhchih\/","https:\/\/www.youtube.com\/@cedhchih","https:\/\/www.tiktok.com\/@cedhchih"]},{"@type":"Person","@id":"https:\/\/cedhchihuahua.org.mx\/wp\/#\/schema\/person\/502949b8fd3069917a6785e55db9bb16","name":"David Andr\u00e9s Rivera Coronado","image":{"@type":"ImageObject","inLanguage":"es","@id":"https:\/\/secure.gravatar.com\/avatar\/d6f120a1e6b33d36551e5ff28a3c7825c3797ad7a7446d8b6374cfc3981348d9?s=96&d=blank&r=g","url":"https:\/\/secure.gravatar.com\/avatar\/d6f120a1e6b33d36551e5ff28a3c7825c3797ad7a7446d8b6374cfc3981348d9?s=96&d=blank&r=g","contentUrl":"https:\/\/secure.gravatar.com\/avatar\/d6f120a1e6b33d36551e5ff28a3c7825c3797ad7a7446d8b6374cfc3981348d9?s=96&d=blank&r=g","caption":"David Andr\u00e9s Rivera Coronado"},"url":"https:\/\/cedhchihuahua.org.mx\/wp\/author\/davidrivera\/"}]}},"_links":{"self":[{"href":"https:\/\/cedhchihuahua.org.mx\/wp\/wp-json\/wp\/v2\/posts\/18505","targetHints":{"allow":["GET"]}}],"collection":[{"href":"https:\/\/cedhchihuahua.org.mx\/wp\/wp-json\/wp\/v2\/posts"}],"about":[{"href":"https:\/\/cedhchihuahua.org.mx\/wp\/wp-json\/wp\/v2\/types\/post"}],"author":[{"embeddable":true,"href":"https:\/\/cedhchihuahua.org.mx\/wp\/wp-json\/wp\/v2\/users\/69"}],"replies":[{"embeddable":true,"href":"https:\/\/cedhchihuahua.org.mx\/wp\/wp-json\/wp\/v2\/comments?post=18505"}],"version-history":[{"count":1,"href":"https:\/\/cedhchihuahua.org.mx\/wp\/wp-json\/wp\/v2\/posts\/18505\/revisions"}],"predecessor-version":[{"id":18507,"href":"https:\/\/cedhchihuahua.org.mx\/wp\/wp-json\/wp\/v2\/posts\/18505\/revisions\/18507"}],"wp:featuredmedia":[{"embeddable":true,"href":"https:\/\/cedhchihuahua.org.mx\/wp\/wp-json\/wp\/v2\/media\/18506"}],"wp:attachment":[{"href":"https:\/\/cedhchihuahua.org.mx\/wp\/wp-json\/wp\/v2\/media?parent=18505"}],"wp:term":[{"taxonomy":"category","embeddable":true,"href":"https:\/\/cedhchihuahua.org.mx\/wp\/wp-json\/wp\/v2\/categories?post=18505"},{"taxonomy":"post_tag","embeddable":true,"href":"https:\/\/cedhchihuahua.org.mx\/wp\/wp-json\/wp\/v2\/tags?post=18505"}],"curies":[{"name":"wp","href":"https:\/\/api.w.org\/{rel}","templated":true}]}}