{"id":25403,"date":"2024-12-06T16:27:00","date_gmt":"2024-12-06T22:27:00","guid":{"rendered":"https:\/\/cedhchihuahua.org.mx\/wp\/?p=25403"},"modified":"2025-01-28T12:33:56","modified_gmt":"2025-01-28T18:33:56","slug":"firman-convenio-de-colaboracion-cedh-y-secretaria-de-la-funcion-publica","status":"publish","type":"post","link":"https:\/\/cedhchihuahua.org.mx\/wp\/2024\/12\/06\/firman-convenio-de-colaboracion-cedh-y-secretaria-de-la-funcion-publica\/","title":{"rendered":"Firman convenio de colaboraci\u00f3n CEDH y Secretar\u00eda de la Funci\u00f3n P\u00fablica"},"content":{"rendered":"\n<p>Con el objetivo de sensibilizar y capacitar al funcionariado p\u00fablico en los temas de derechos humanos y el combate a la corrupci\u00f3n, la Comisi\u00f3n Estatal de los Derechos Humanos (CEDH) y la Secretar\u00eda de la Funci\u00f3n P\u00fablica (SFP) de gobierno del Estado firmaron un convenio de colaboraci\u00f3n.<\/p>\n\n\n\n<p>De igual forma, fue presentada la gu\u00eda para prevenir el actuar bajo conflicto de inter\u00e9s en las dependencias y entidades de la administraci\u00f3n p\u00fablica estatal, ante personas colaboradoras de ambas instituciones.<\/p>\n\n\n\n<p>Durante la firma del acuerdo, el encargado del despacho de Presidencia de CEDH, Alejandro Carrasco Talavera, expres\u00f3 que \u00e9ste no es s\u00f3lo de importancia para las instituciones sino para la sociedad en general, ya que contribuye al fomento de cultura de transparencia, rendici\u00f3n de cuentas, legalidad, \u00e9tica e integridad p\u00fablica.<\/p>\n\n\n\n<p>As\u00ed mismo, dijo que el personal de CEDH y de la SFP recibir\u00e1n capacitaciones en temas que transversalizan la perspectiva derecho humanista, previenen los conflictos de inter\u00e9s y promueven el combate a la corrupci\u00f3n.<\/p>\n\n\n\n<figure class=\"wp-block-gallery has-nested-images columns-default is-cropped wp-block-gallery-1 is-layout-flex wp-block-gallery-is-layout-flex\">\n<figure class=\"wp-block-image size-large\"><a href=\"https:\/\/cedhchihuahua.org.mx\/wp\/wp-content\/uploads\/2025\/01\/2024-12-06-Firma-01.jpg\"><img fetchpriority=\"high\" decoding=\"async\" width=\"1024\" height=\"682\" data-id=\"25405\" src=\"https:\/\/cedhchihuahua.org.mx\/wp\/wp-content\/uploads\/2025\/01\/2024-12-06-Firma-01-1024x682.jpg\" alt=\"\" class=\"wp-image-25405\" srcset=\"https:\/\/cedhchihuahua.org.mx\/wp\/wp-content\/uploads\/2025\/01\/2024-12-06-Firma-01-1024x682.jpg 1024w, https:\/\/cedhchihuahua.org.mx\/wp\/wp-content\/uploads\/2025\/01\/2024-12-06-Firma-01-300x200.jpg 300w, https:\/\/cedhchihuahua.org.mx\/wp\/wp-content\/uploads\/2025\/01\/2024-12-06-Firma-01-768x512.jpg 768w, https:\/\/cedhchihuahua.org.mx\/wp\/wp-content\/uploads\/2025\/01\/2024-12-06-Firma-01-1536x1024.jpg 1536w, https:\/\/cedhchihuahua.org.mx\/wp\/wp-content\/uploads\/2025\/01\/2024-12-06-Firma-01-2048x1365.jpg 2048w\" sizes=\"(max-width: 1024px) 100vw, 1024px\" \/><\/a><\/figure>\n\n\n\n<figure class=\"wp-block-image size-large\"><a href=\"https:\/\/cedhchihuahua.org.mx\/wp\/wp-content\/uploads\/2025\/01\/2024-12-06-Firma-06.jpg\"><img decoding=\"async\" width=\"1024\" height=\"641\" data-id=\"25406\" src=\"https:\/\/cedhchihuahua.org.mx\/wp\/wp-content\/uploads\/2025\/01\/2024-12-06-Firma-06-1024x641.jpg\" alt=\"\" class=\"wp-image-25406\" srcset=\"https:\/\/cedhchihuahua.org.mx\/wp\/wp-content\/uploads\/2025\/01\/2024-12-06-Firma-06-1024x641.jpg 1024w, https:\/\/cedhchihuahua.org.mx\/wp\/wp-content\/uploads\/2025\/01\/2024-12-06-Firma-06-300x188.jpg 300w, https:\/\/cedhchihuahua.org.mx\/wp\/wp-content\/uploads\/2025\/01\/2024-12-06-Firma-06-768x481.jpg 768w, https:\/\/cedhchihuahua.org.mx\/wp\/wp-content\/uploads\/2025\/01\/2024-12-06-Firma-06-1536x962.jpg 1536w, https:\/\/cedhchihuahua.org.mx\/wp\/wp-content\/uploads\/2025\/01\/2024-12-06-Firma-06-2048x1282.jpg 2048w\" sizes=\"(max-width: 1024px) 100vw, 1024px\" \/><\/a><\/figure>\n\n\n\n<figure class=\"wp-block-image size-large\"><a href=\"https:\/\/cedhchihuahua.org.mx\/wp\/wp-content\/uploads\/2025\/01\/2024-12-06-Firma-07.jpg\"><img decoding=\"async\" width=\"1024\" height=\"682\" data-id=\"25407\" src=\"https:\/\/cedhchihuahua.org.mx\/wp\/wp-content\/uploads\/2025\/01\/2024-12-06-Firma-07-1024x682.jpg\" alt=\"\" class=\"wp-image-25407\" srcset=\"https:\/\/cedhchihuahua.org.mx\/wp\/wp-content\/uploads\/2025\/01\/2024-12-06-Firma-07-1024x682.jpg 1024w, https:\/\/cedhchihuahua.org.mx\/wp\/wp-content\/uploads\/2025\/01\/2024-12-06-Firma-07-300x200.jpg 300w, https:\/\/cedhchihuahua.org.mx\/wp\/wp-content\/uploads\/2025\/01\/2024-12-06-Firma-07-768x512.jpg 768w, https:\/\/cedhchihuahua.org.mx\/wp\/wp-content\/uploads\/2025\/01\/2024-12-06-Firma-07-1536x1024.jpg 1536w, https:\/\/cedhchihuahua.org.mx\/wp\/wp-content\/uploads\/2025\/01\/2024-12-06-Firma-07-2048x1365.jpg 2048w\" sizes=\"(max-width: 1024px) 100vw, 1024px\" \/><\/a><\/figure>\n\n\n\n<figure class=\"wp-block-image size-large\"><a href=\"https:\/\/cedhchihuahua.org.mx\/wp\/wp-content\/uploads\/2025\/01\/2024-12-06-Firma-02.jpg\"><img loading=\"lazy\" decoding=\"async\" width=\"1024\" height=\"612\" data-id=\"25404\" src=\"https:\/\/cedhchihuahua.org.mx\/wp\/wp-content\/uploads\/2025\/01\/2024-12-06-Firma-02-1024x612.jpg\" alt=\"\" class=\"wp-image-25404\" srcset=\"https:\/\/cedhchihuahua.org.mx\/wp\/wp-content\/uploads\/2025\/01\/2024-12-06-Firma-02-1024x612.jpg 1024w, https:\/\/cedhchihuahua.org.mx\/wp\/wp-content\/uploads\/2025\/01\/2024-12-06-Firma-02-300x179.jpg 300w, https:\/\/cedhchihuahua.org.mx\/wp\/wp-content\/uploads\/2025\/01\/2024-12-06-Firma-02-768x459.jpg 768w, https:\/\/cedhchihuahua.org.mx\/wp\/wp-content\/uploads\/2025\/01\/2024-12-06-Firma-02-1536x919.jpg 1536w, https:\/\/cedhchihuahua.org.mx\/wp\/wp-content\/uploads\/2025\/01\/2024-12-06-Firma-02-2048x1225.jpg 2048w\" sizes=\"(max-width: 1024px) 100vw, 1024px\" \/><\/a><\/figure>\n\n\n\n<figure class=\"wp-block-image size-large\"><a href=\"https:\/\/cedhchihuahua.org.mx\/wp\/wp-content\/uploads\/2025\/01\/2024-12-06-Firma-03.jpg\"><img loading=\"lazy\" decoding=\"async\" width=\"1024\" height=\"690\" data-id=\"25408\" src=\"https:\/\/cedhchihuahua.org.mx\/wp\/wp-content\/uploads\/2025\/01\/2024-12-06-Firma-03-1024x690.jpg\" alt=\"\" class=\"wp-image-25408\" srcset=\"https:\/\/cedhchihuahua.org.mx\/wp\/wp-content\/uploads\/2025\/01\/2024-12-06-Firma-03-1024x690.jpg 1024w, https:\/\/cedhchihuahua.org.mx\/wp\/wp-content\/uploads\/2025\/01\/2024-12-06-Firma-03-300x202.jpg 300w, https:\/\/cedhchihuahua.org.mx\/wp\/wp-content\/uploads\/2025\/01\/2024-12-06-Firma-03-768x517.jpg 768w, https:\/\/cedhchihuahua.org.mx\/wp\/wp-content\/uploads\/2025\/01\/2024-12-06-Firma-03-1536x1034.jpg 1536w, https:\/\/cedhchihuahua.org.mx\/wp\/wp-content\/uploads\/2025\/01\/2024-12-06-Firma-03-2048x1379.jpg 2048w\" sizes=\"(max-width: 1024px) 100vw, 1024px\" \/><\/a><\/figure>\n\n\n\n<figure class=\"wp-block-image size-large\"><a href=\"https:\/\/cedhchihuahua.org.mx\/wp\/wp-content\/uploads\/2025\/01\/2024-12-06-Firma-04.jpg\"><img loading=\"lazy\" decoding=\"async\" width=\"1024\" height=\"641\" data-id=\"25410\" src=\"https:\/\/cedhchihuahua.org.mx\/wp\/wp-content\/uploads\/2025\/01\/2024-12-06-Firma-04-1024x641.jpg\" alt=\"\" class=\"wp-image-25410\" srcset=\"https:\/\/cedhchihuahua.org.mx\/wp\/wp-content\/uploads\/2025\/01\/2024-12-06-Firma-04-1024x641.jpg 1024w, https:\/\/cedhchihuahua.org.mx\/wp\/wp-content\/uploads\/2025\/01\/2024-12-06-Firma-04-300x188.jpg 300w, https:\/\/cedhchihuahua.org.mx\/wp\/wp-content\/uploads\/2025\/01\/2024-12-06-Firma-04-768x481.jpg 768w, https:\/\/cedhchihuahua.org.mx\/wp\/wp-content\/uploads\/2025\/01\/2024-12-06-Firma-04-1536x962.jpg 1536w, https:\/\/cedhchihuahua.org.mx\/wp\/wp-content\/uploads\/2025\/01\/2024-12-06-Firma-04-2048x1282.jpg 2048w\" sizes=\"(max-width: 1024px) 100vw, 1024px\" \/><\/a><\/figure>\n<\/figure>\n\n\n\n<figure class=\"wp-block-audio\"><audio controls src=\"https:\/\/cedhchihuahua.org.mx\/wp\/wp-content\/uploads\/2025\/01\/2024-12-06-Firma.mp3\"><\/audio><\/figure>\n\n\n\n<p>En su participaci\u00f3n, el secretario de la Funci\u00f3n P\u00fablica, Roberto Javier Fierro Duarte, indic\u00f3 que en los derechos humanos se encuentra el fundamento y el objetivo de la funci\u00f3n gubernamental, por lo que con esta suma de voluntades se fomentar\u00e1 la verdadera vocaci\u00f3n de servicio, garantizando la libertad, igualdad, no discriminaci\u00f3n, seguridad social, alimentaci\u00f3n, vivienda, educaci\u00f3n y salud, entre todos los dem\u00e1s derechos reconocidos por la administraci\u00f3n estatal.<\/p>\n\n\n\n<p>Asegur\u00f3 que cada programa y servicio, se encuentran motivados por el respeto, promoci\u00f3n y defensa de los derechos humanos, ya que el principal objetivo es que todas las acciones del gobierno estatal est\u00e9n siempre alineadas con los m\u00e1s altos est\u00e1ndares en derechos humanos, fortalecer la integridad de las instituciones y prevenir el conflicto de inter\u00e9s.<\/p>\n","protected":false},"excerpt":{"rendered":"<p>Se capacitar\u00e1 el personal de ambas instituciones en derechos humanos e integridad p\u00fablica<\/p>\n","protected":false},"author":59,"featured_media":25408,"comment_status":"closed","ping_status":"closed","sticky":false,"template":"","format":"standard","meta":{"footnotes":""},"categories":[1],"tags":[],"class_list":["post-25403","post","type-post","status-publish","format-standard","has-post-thumbnail","hentry","category-prensa"],"yoast_head":"<!-- This site is optimized with the Yoast SEO plugin v27.4 - https:\/\/yoast.com\/product\/yoast-seo-wordpress\/ -->\n<title>Firman convenio de colaboraci\u00f3n CEDH y Secretar\u00eda de la Funci\u00f3n P\u00fablica | Comisi\u00f3n Estatal de los Derechos Humanos de Chihuahua<\/title>\n<meta name=\"robots\" content=\"index, follow, max-snippet:-1, max-image-preview:large, max-video-preview:-1\" \/>\n<link rel=\"canonical\" href=\"https:\/\/cedhchihuahua.org.mx\/wp\/2024\/12\/06\/firman-convenio-de-colaboracion-cedh-y-secretaria-de-la-funcion-publica\/\" \/>\n<meta property=\"og:locale\" content=\"es_ES\" \/>\n<meta property=\"og:type\" content=\"article\" \/>\n<meta property=\"og:title\" content=\"Firman convenio de colaboraci\u00f3n CEDH y Secretar\u00eda de la Funci\u00f3n P\u00fablica | Comisi\u00f3n Estatal de los Derechos Humanos de Chihuahua\" \/>\n<meta property=\"og:description\" content=\"Se capacitar\u00e1 el personal de ambas instituciones en derechos humanos e integridad p\u00fablica\" \/>\n<meta property=\"og:url\" content=\"https:\/\/cedhchihuahua.org.mx\/wp\/2024\/12\/06\/firman-convenio-de-colaboracion-cedh-y-secretaria-de-la-funcion-publica\/\" \/>\n<meta property=\"og:site_name\" content=\"Comisi\u00f3n Estatal de los Derechos Humanos de Chihuahua\" \/>\n<meta property=\"article:publisher\" content=\"https:\/\/www.facebook.com\/CEDHChihuahua\" \/>\n<meta property=\"article:published_time\" content=\"2024-12-06T22:27:00+00:00\" \/>\n<meta property=\"article:modified_time\" content=\"2025-01-28T18:33:56+00:00\" \/>\n<meta property=\"og:image\" content=\"https:\/\/cedhchihuahua.org.mx\/wp\/wp-content\/uploads\/2025\/01\/2024-12-06-Firma-03.jpg\" \/>\n\t<meta property=\"og:image:width\" content=\"2560\" \/>\n\t<meta property=\"og:image:height\" content=\"1724\" \/>\n\t<meta property=\"og:image:type\" content=\"image\/jpeg\" \/>\n<meta name=\"author\" content=\"Comunicaci\u00f3n Social\" \/>\n<meta name=\"twitter:card\" content=\"summary_large_image\" \/>\n<meta name=\"twitter:creator\" content=\"@cedhchihuahua\" \/>\n<meta name=\"twitter:site\" content=\"@cedhchihuahua\" \/>\n<meta name=\"twitter:label1\" content=\"Escrito por\" \/>\n\t<meta name=\"twitter:data1\" content=\"Comunicaci\u00f3n Social\" \/>\n\t<meta name=\"twitter:label2\" content=\"Tiempo de lectura\" \/>\n\t<meta name=\"twitter:data2\" content=\"3 minutos\" \/>\n<script type=\"application\/ld+json\" class=\"yoast-schema-graph\">{\"@context\":\"https:\\\/\\\/schema.org\",\"@graph\":[{\"@type\":\"Article\",\"@id\":\"https:\\\/\\\/cedhchihuahua.org.mx\\\/wp\\\/2024\\\/12\\\/06\\\/firman-convenio-de-colaboracion-cedh-y-secretaria-de-la-funcion-publica\\\/#article\",\"isPartOf\":{\"@id\":\"https:\\\/\\\/cedhchihuahua.org.mx\\\/wp\\\/2024\\\/12\\\/06\\\/firman-convenio-de-colaboracion-cedh-y-secretaria-de-la-funcion-publica\\\/\"},\"author\":{\"name\":\"Comunicaci\u00f3n Social\",\"@id\":\"https:\\\/\\\/cedhchihuahua.org.mx\\\/wp\\\/#\\\/schema\\\/person\\\/357a6a63e837fb72d8561f0cf3e8dff1\"},\"headline\":\"Firman convenio de colaboraci\u00f3n CEDH y Secretar\u00eda de la Funci\u00f3n P\u00fablica\",\"datePublished\":\"2024-12-06T22:27:00+00:00\",\"dateModified\":\"2025-01-28T18:33:56+00:00\",\"mainEntityOfPage\":{\"@id\":\"https:\\\/\\\/cedhchihuahua.org.mx\\\/wp\\\/2024\\\/12\\\/06\\\/firman-convenio-de-colaboracion-cedh-y-secretaria-de-la-funcion-publica\\\/\"},\"wordCount\":332,\"publisher\":{\"@id\":\"https:\\\/\\\/cedhchihuahua.org.mx\\\/wp\\\/#organization\"},\"image\":{\"@id\":\"https:\\\/\\\/cedhchihuahua.org.mx\\\/wp\\\/2024\\\/12\\\/06\\\/firman-convenio-de-colaboracion-cedh-y-secretaria-de-la-funcion-publica\\\/#primaryimage\"},\"thumbnailUrl\":\"https:\\\/\\\/cedhchihuahua.org.mx\\\/wp\\\/wp-content\\\/uploads\\\/2025\\\/01\\\/2024-12-06-Firma-03.jpg\",\"articleSection\":[\"Prensa\"],\"inLanguage\":\"es\"},{\"@type\":\"WebPage\",\"@id\":\"https:\\\/\\\/cedhchihuahua.org.mx\\\/wp\\\/2024\\\/12\\\/06\\\/firman-convenio-de-colaboracion-cedh-y-secretaria-de-la-funcion-publica\\\/\",\"url\":\"https:\\\/\\\/cedhchihuahua.org.mx\\\/wp\\\/2024\\\/12\\\/06\\\/firman-convenio-de-colaboracion-cedh-y-secretaria-de-la-funcion-publica\\\/\",\"name\":\"Firman convenio de colaboraci\u00f3n CEDH y Secretar\u00eda de la Funci\u00f3n P\u00fablica | Comisi\u00f3n Estatal de los Derechos Humanos de Chihuahua\",\"isPartOf\":{\"@id\":\"https:\\\/\\\/cedhchihuahua.org.mx\\\/wp\\\/#website\"},\"primaryImageOfPage\":{\"@id\":\"https:\\\/\\\/cedhchihuahua.org.mx\\\/wp\\\/2024\\\/12\\\/06\\\/firman-convenio-de-colaboracion-cedh-y-secretaria-de-la-funcion-publica\\\/#primaryimage\"},\"image\":{\"@id\":\"https:\\\/\\\/cedhchihuahua.org.mx\\\/wp\\\/2024\\\/12\\\/06\\\/firman-convenio-de-colaboracion-cedh-y-secretaria-de-la-funcion-publica\\\/#primaryimage\"},\"thumbnailUrl\":\"https:\\\/\\\/cedhchihuahua.org.mx\\\/wp\\\/wp-content\\\/uploads\\\/2025\\\/01\\\/2024-12-06-Firma-03.jpg\",\"datePublished\":\"2024-12-06T22:27:00+00:00\",\"dateModified\":\"2025-01-28T18:33:56+00:00\",\"breadcrumb\":{\"@id\":\"https:\\\/\\\/cedhchihuahua.org.mx\\\/wp\\\/2024\\\/12\\\/06\\\/firman-convenio-de-colaboracion-cedh-y-secretaria-de-la-funcion-publica\\\/#breadcrumb\"},\"inLanguage\":\"es\",\"potentialAction\":[{\"@type\":\"ReadAction\",\"target\":[\"https:\\\/\\\/cedhchihuahua.org.mx\\\/wp\\\/2024\\\/12\\\/06\\\/firman-convenio-de-colaboracion-cedh-y-secretaria-de-la-funcion-publica\\\/\"]}]},{\"@type\":\"ImageObject\",\"inLanguage\":\"es\",\"@id\":\"https:\\\/\\\/cedhchihuahua.org.mx\\\/wp\\\/2024\\\/12\\\/06\\\/firman-convenio-de-colaboracion-cedh-y-secretaria-de-la-funcion-publica\\\/#primaryimage\",\"url\":\"https:\\\/\\\/cedhchihuahua.org.mx\\\/wp\\\/wp-content\\\/uploads\\\/2025\\\/01\\\/2024-12-06-Firma-03.jpg\",\"contentUrl\":\"https:\\\/\\\/cedhchihuahua.org.mx\\\/wp\\\/wp-content\\\/uploads\\\/2025\\\/01\\\/2024-12-06-Firma-03.jpg\",\"width\":2560,\"height\":1724},{\"@type\":\"BreadcrumbList\",\"@id\":\"https:\\\/\\\/cedhchihuahua.org.mx\\\/wp\\\/2024\\\/12\\\/06\\\/firman-convenio-de-colaboracion-cedh-y-secretaria-de-la-funcion-publica\\\/#breadcrumb\",\"itemListElement\":[{\"@type\":\"ListItem\",\"position\":1,\"name\":\"Inicio\",\"item\":\"https:\\\/\\\/cedhchihuahua.org.mx\\\/wp\\\/\"},{\"@type\":\"ListItem\",\"position\":2,\"name\":\"Prensa\",\"item\":\"https:\\\/\\\/cedhchihuahua.org.mx\\\/wp\\\/area\\\/prensa\\\/\"},{\"@type\":\"ListItem\",\"position\":3,\"name\":\"Firman convenio de colaboraci\u00f3n CEDH y Secretar\u00eda de la Funci\u00f3n P\u00fablica\"}]},{\"@type\":\"WebSite\",\"@id\":\"https:\\\/\\\/cedhchihuahua.org.mx\\\/wp\\\/#website\",\"url\":\"https:\\\/\\\/cedhchihuahua.org.mx\\\/wp\\\/\",\"name\":\"Comisi\u00f3n Estatal de los Derechos Humanos de Chihuahua\",\"description\":\"\",\"publisher\":{\"@id\":\"https:\\\/\\\/cedhchihuahua.org.mx\\\/wp\\\/#organization\"},\"alternateName\":\"CEDH Chihuahua\",\"potentialAction\":[{\"@type\":\"SearchAction\",\"target\":{\"@type\":\"EntryPoint\",\"urlTemplate\":\"https:\\\/\\\/cedhchihuahua.org.mx\\\/wp\\\/?s={search_term_string}\"},\"query-input\":{\"@type\":\"PropertyValueSpecification\",\"valueRequired\":true,\"valueName\":\"search_term_string\"}}],\"inLanguage\":\"es\"},{\"@type\":\"Organization\",\"@id\":\"https:\\\/\\\/cedhchihuahua.org.mx\\\/wp\\\/#organization\",\"name\":\"Comisi\u00f3n Estatal de los Derechos Humanos de Chihuahua\",\"alternateName\":\"CEDH Chihuahua\",\"url\":\"https:\\\/\\\/cedhchihuahua.org.mx\\\/wp\\\/\",\"logo\":{\"@type\":\"ImageObject\",\"inLanguage\":\"es\",\"@id\":\"https:\\\/\\\/cedhchihuahua.org.mx\\\/wp\\\/#\\\/schema\\\/logo\\\/image\\\/\",\"url\":\"https:\\\/\\\/cedhchihuahua.org.mx\\\/wp\\\/wp-content\\\/uploads\\\/2021\\\/05\\\/cedh-2024.png\",\"contentUrl\":\"https:\\\/\\\/cedhchihuahua.org.mx\\\/wp\\\/wp-content\\\/uploads\\\/2021\\\/05\\\/cedh-2024.png\",\"width\":827,\"height\":929,\"caption\":\"Comisi\u00f3n Estatal de los Derechos Humanos de Chihuahua\"},\"image\":{\"@id\":\"https:\\\/\\\/cedhchihuahua.org.mx\\\/wp\\\/#\\\/schema\\\/logo\\\/image\\\/\"},\"sameAs\":[\"https:\\\/\\\/www.facebook.com\\\/CEDHChihuahua\",\"https:\\\/\\\/x.com\\\/cedhchihuahua\",\"https:\\\/\\\/www.instagram.com\\\/cedhchih\\\/\",\"https:\\\/\\\/www.youtube.com\\\/@cedhchih\",\"https:\\\/\\\/www.tiktok.com\\\/@cedhchih\"]},{\"@type\":\"Person\",\"@id\":\"https:\\\/\\\/cedhchihuahua.org.mx\\\/wp\\\/#\\\/schema\\\/person\\\/357a6a63e837fb72d8561f0cf3e8dff1\",\"name\":\"Comunicaci\u00f3n Social\",\"image\":{\"@type\":\"ImageObject\",\"inLanguage\":\"es\",\"@id\":\"https:\\\/\\\/secure.gravatar.com\\\/avatar\\\/29a25727d7bb4acfb5dfce4ba78083dff3bf21cd30539b5bcbf30a4106568c5a?s=96&d=blank&r=g\",\"url\":\"https:\\\/\\\/secure.gravatar.com\\\/avatar\\\/29a25727d7bb4acfb5dfce4ba78083dff3bf21cd30539b5bcbf30a4106568c5a?s=96&d=blank&r=g\",\"contentUrl\":\"https:\\\/\\\/secure.gravatar.com\\\/avatar\\\/29a25727d7bb4acfb5dfce4ba78083dff3bf21cd30539b5bcbf30a4106568c5a?s=96&d=blank&r=g\",\"caption\":\"Comunicaci\u00f3n Social\"},\"sameAs\":[\"https:\\\/\\\/cedhchihuahua.org.mx\"],\"url\":\"https:\\\/\\\/cedhchihuahua.org.mx\\\/wp\\\/author\\\/comunicacion-social\\\/\"}]}<\/script>\n<!-- \/ Yoast SEO plugin. -->","yoast_head_json":{"title":"Firman convenio de colaboraci\u00f3n CEDH y Secretar\u00eda de la Funci\u00f3n P\u00fablica | Comisi\u00f3n Estatal de los Derechos Humanos de Chihuahua","robots":{"index":"index","follow":"follow","max-snippet":"max-snippet:-1","max-image-preview":"max-image-preview:large","max-video-preview":"max-video-preview:-1"},"canonical":"https:\/\/cedhchihuahua.org.mx\/wp\/2024\/12\/06\/firman-convenio-de-colaboracion-cedh-y-secretaria-de-la-funcion-publica\/","og_locale":"es_ES","og_type":"article","og_title":"Firman convenio de colaboraci\u00f3n CEDH y Secretar\u00eda de la Funci\u00f3n P\u00fablica | Comisi\u00f3n Estatal de los Derechos Humanos de Chihuahua","og_description":"Se capacitar\u00e1 el personal de ambas instituciones en derechos humanos e integridad p\u00fablica","og_url":"https:\/\/cedhchihuahua.org.mx\/wp\/2024\/12\/06\/firman-convenio-de-colaboracion-cedh-y-secretaria-de-la-funcion-publica\/","og_site_name":"Comisi\u00f3n Estatal de los Derechos Humanos de Chihuahua","article_publisher":"https:\/\/www.facebook.com\/CEDHChihuahua","article_published_time":"2024-12-06T22:27:00+00:00","article_modified_time":"2025-01-28T18:33:56+00:00","og_image":[{"width":2560,"height":1724,"url":"https:\/\/cedhchihuahua.org.mx\/wp\/wp-content\/uploads\/2025\/01\/2024-12-06-Firma-03.jpg","type":"image\/jpeg"}],"author":"Comunicaci\u00f3n Social","twitter_card":"summary_large_image","twitter_creator":"@cedhchihuahua","twitter_site":"@cedhchihuahua","twitter_misc":{"Escrito por":"Comunicaci\u00f3n Social","Tiempo de lectura":"3 minutos"},"schema":{"@context":"https:\/\/schema.org","@graph":[{"@type":"Article","@id":"https:\/\/cedhchihuahua.org.mx\/wp\/2024\/12\/06\/firman-convenio-de-colaboracion-cedh-y-secretaria-de-la-funcion-publica\/#article","isPartOf":{"@id":"https:\/\/cedhchihuahua.org.mx\/wp\/2024\/12\/06\/firman-convenio-de-colaboracion-cedh-y-secretaria-de-la-funcion-publica\/"},"author":{"name":"Comunicaci\u00f3n Social","@id":"https:\/\/cedhchihuahua.org.mx\/wp\/#\/schema\/person\/357a6a63e837fb72d8561f0cf3e8dff1"},"headline":"Firman convenio de colaboraci\u00f3n CEDH y Secretar\u00eda de la Funci\u00f3n P\u00fablica","datePublished":"2024-12-06T22:27:00+00:00","dateModified":"2025-01-28T18:33:56+00:00","mainEntityOfPage":{"@id":"https:\/\/cedhchihuahua.org.mx\/wp\/2024\/12\/06\/firman-convenio-de-colaboracion-cedh-y-secretaria-de-la-funcion-publica\/"},"wordCount":332,"publisher":{"@id":"https:\/\/cedhchihuahua.org.mx\/wp\/#organization"},"image":{"@id":"https:\/\/cedhchihuahua.org.mx\/wp\/2024\/12\/06\/firman-convenio-de-colaboracion-cedh-y-secretaria-de-la-funcion-publica\/#primaryimage"},"thumbnailUrl":"https:\/\/cedhchihuahua.org.mx\/wp\/wp-content\/uploads\/2025\/01\/2024-12-06-Firma-03.jpg","articleSection":["Prensa"],"inLanguage":"es"},{"@type":"WebPage","@id":"https:\/\/cedhchihuahua.org.mx\/wp\/2024\/12\/06\/firman-convenio-de-colaboracion-cedh-y-secretaria-de-la-funcion-publica\/","url":"https:\/\/cedhchihuahua.org.mx\/wp\/2024\/12\/06\/firman-convenio-de-colaboracion-cedh-y-secretaria-de-la-funcion-publica\/","name":"Firman convenio de colaboraci\u00f3n CEDH y Secretar\u00eda de la Funci\u00f3n P\u00fablica | Comisi\u00f3n Estatal de los Derechos Humanos de Chihuahua","isPartOf":{"@id":"https:\/\/cedhchihuahua.org.mx\/wp\/#website"},"primaryImageOfPage":{"@id":"https:\/\/cedhchihuahua.org.mx\/wp\/2024\/12\/06\/firman-convenio-de-colaboracion-cedh-y-secretaria-de-la-funcion-publica\/#primaryimage"},"image":{"@id":"https:\/\/cedhchihuahua.org.mx\/wp\/2024\/12\/06\/firman-convenio-de-colaboracion-cedh-y-secretaria-de-la-funcion-publica\/#primaryimage"},"thumbnailUrl":"https:\/\/cedhchihuahua.org.mx\/wp\/wp-content\/uploads\/2025\/01\/2024-12-06-Firma-03.jpg","datePublished":"2024-12-06T22:27:00+00:00","dateModified":"2025-01-28T18:33:56+00:00","breadcrumb":{"@id":"https:\/\/cedhchihuahua.org.mx\/wp\/2024\/12\/06\/firman-convenio-de-colaboracion-cedh-y-secretaria-de-la-funcion-publica\/#breadcrumb"},"inLanguage":"es","potentialAction":[{"@type":"ReadAction","target":["https:\/\/cedhchihuahua.org.mx\/wp\/2024\/12\/06\/firman-convenio-de-colaboracion-cedh-y-secretaria-de-la-funcion-publica\/"]}]},{"@type":"ImageObject","inLanguage":"es","@id":"https:\/\/cedhchihuahua.org.mx\/wp\/2024\/12\/06\/firman-convenio-de-colaboracion-cedh-y-secretaria-de-la-funcion-publica\/#primaryimage","url":"https:\/\/cedhchihuahua.org.mx\/wp\/wp-content\/uploads\/2025\/01\/2024-12-06-Firma-03.jpg","contentUrl":"https:\/\/cedhchihuahua.org.mx\/wp\/wp-content\/uploads\/2025\/01\/2024-12-06-Firma-03.jpg","width":2560,"height":1724},{"@type":"BreadcrumbList","@id":"https:\/\/cedhchihuahua.org.mx\/wp\/2024\/12\/06\/firman-convenio-de-colaboracion-cedh-y-secretaria-de-la-funcion-publica\/#breadcrumb","itemListElement":[{"@type":"ListItem","position":1,"name":"Inicio","item":"https:\/\/cedhchihuahua.org.mx\/wp\/"},{"@type":"ListItem","position":2,"name":"Prensa","item":"https:\/\/cedhchihuahua.org.mx\/wp\/area\/prensa\/"},{"@type":"ListItem","position":3,"name":"Firman convenio de colaboraci\u00f3n CEDH y Secretar\u00eda de la Funci\u00f3n P\u00fablica"}]},{"@type":"WebSite","@id":"https:\/\/cedhchihuahua.org.mx\/wp\/#website","url":"https:\/\/cedhchihuahua.org.mx\/wp\/","name":"Comisi\u00f3n Estatal de los Derechos Humanos de Chihuahua","description":"","publisher":{"@id":"https:\/\/cedhchihuahua.org.mx\/wp\/#organization"},"alternateName":"CEDH Chihuahua","potentialAction":[{"@type":"SearchAction","target":{"@type":"EntryPoint","urlTemplate":"https:\/\/cedhchihuahua.org.mx\/wp\/?s={search_term_string}"},"query-input":{"@type":"PropertyValueSpecification","valueRequired":true,"valueName":"search_term_string"}}],"inLanguage":"es"},{"@type":"Organization","@id":"https:\/\/cedhchihuahua.org.mx\/wp\/#organization","name":"Comisi\u00f3n Estatal de los Derechos Humanos de Chihuahua","alternateName":"CEDH Chihuahua","url":"https:\/\/cedhchihuahua.org.mx\/wp\/","logo":{"@type":"ImageObject","inLanguage":"es","@id":"https:\/\/cedhchihuahua.org.mx\/wp\/#\/schema\/logo\/image\/","url":"https:\/\/cedhchihuahua.org.mx\/wp\/wp-content\/uploads\/2021\/05\/cedh-2024.png","contentUrl":"https:\/\/cedhchihuahua.org.mx\/wp\/wp-content\/uploads\/2021\/05\/cedh-2024.png","width":827,"height":929,"caption":"Comisi\u00f3n Estatal de los Derechos Humanos de Chihuahua"},"image":{"@id":"https:\/\/cedhchihuahua.org.mx\/wp\/#\/schema\/logo\/image\/"},"sameAs":["https:\/\/www.facebook.com\/CEDHChihuahua","https:\/\/x.com\/cedhchihuahua","https:\/\/www.instagram.com\/cedhchih\/","https:\/\/www.youtube.com\/@cedhchih","https:\/\/www.tiktok.com\/@cedhchih"]},{"@type":"Person","@id":"https:\/\/cedhchihuahua.org.mx\/wp\/#\/schema\/person\/357a6a63e837fb72d8561f0cf3e8dff1","name":"Comunicaci\u00f3n Social","image":{"@type":"ImageObject","inLanguage":"es","@id":"https:\/\/secure.gravatar.com\/avatar\/29a25727d7bb4acfb5dfce4ba78083dff3bf21cd30539b5bcbf30a4106568c5a?s=96&d=blank&r=g","url":"https:\/\/secure.gravatar.com\/avatar\/29a25727d7bb4acfb5dfce4ba78083dff3bf21cd30539b5bcbf30a4106568c5a?s=96&d=blank&r=g","contentUrl":"https:\/\/secure.gravatar.com\/avatar\/29a25727d7bb4acfb5dfce4ba78083dff3bf21cd30539b5bcbf30a4106568c5a?s=96&d=blank&r=g","caption":"Comunicaci\u00f3n Social"},"sameAs":["https:\/\/cedhchihuahua.org.mx"],"url":"https:\/\/cedhchihuahua.org.mx\/wp\/author\/comunicacion-social\/"}]}},"_links":{"self":[{"href":"https:\/\/cedhchihuahua.org.mx\/wp\/wp-json\/wp\/v2\/posts\/25403","targetHints":{"allow":["GET"]}}],"collection":[{"href":"https:\/\/cedhchihuahua.org.mx\/wp\/wp-json\/wp\/v2\/posts"}],"about":[{"href":"https:\/\/cedhchihuahua.org.mx\/wp\/wp-json\/wp\/v2\/types\/post"}],"author":[{"embeddable":true,"href":"https:\/\/cedhchihuahua.org.mx\/wp\/wp-json\/wp\/v2\/users\/59"}],"replies":[{"embeddable":true,"href":"https:\/\/cedhchihuahua.org.mx\/wp\/wp-json\/wp\/v2\/comments?post=25403"}],"version-history":[{"count":1,"href":"https:\/\/cedhchihuahua.org.mx\/wp\/wp-json\/wp\/v2\/posts\/25403\/revisions"}],"predecessor-version":[{"id":25412,"href":"https:\/\/cedhchihuahua.org.mx\/wp\/wp-json\/wp\/v2\/posts\/25403\/revisions\/25412"}],"wp:featuredmedia":[{"embeddable":true,"href":"https:\/\/cedhchihuahua.org.mx\/wp\/wp-json\/wp\/v2\/media\/25408"}],"wp:attachment":[{"href":"https:\/\/cedhchihuahua.org.mx\/wp\/wp-json\/wp\/v2\/media?parent=25403"}],"wp:term":[{"taxonomy":"category","embeddable":true,"href":"https:\/\/cedhchihuahua.org.mx\/wp\/wp-json\/wp\/v2\/categories?post=25403"},{"taxonomy":"post_tag","embeddable":true,"href":"https:\/\/cedhchihuahua.org.mx\/wp\/wp-json\/wp\/v2\/tags?post=25403"}],"curies":[{"name":"wp","href":"https:\/\/api.w.org\/{rel}","templated":true}]}}