{"id":5163,"date":"2020-10-09T18:50:00","date_gmt":"2020-10-09T18:50:00","guid":{"rendered":"https:\/\/cedhchihuahua.org.mx\/wp\/?p=5163"},"modified":"2021-06-04T18:54:34","modified_gmt":"2021-06-04T18:54:34","slug":"participa-la-cedh-en-seminario-que-ofrece-la-comision-de-colima","status":"publish","type":"post","link":"https:\/\/cedhchihuahua.org.mx\/wp\/2020\/10\/09\/participa-la-cedh-en-seminario-que-ofrece-la-comision-de-colima\/","title":{"rendered":"Participa la CEDH en seminario que ofrece la Comisi\u00f3n de Colima"},"content":{"rendered":"\n<p>Dora Villalobos Mendoza, titular de la Unidad de Igualdad de G\u00e9nero de la Comisi\u00f3n Estatal de los Derechos Humanos, particip\u00f3 en el Tercer Seminario \u201cFormaci\u00f3n en Derechos Humanos\u201d que ofrece la Comisi\u00f3n de Derechos Humanos del Estado de Colima, impartiendo el M\u00f3dulo Seis \u201cG\u00e9nero y los Derechos Humanos de las Mujeres y las Ni\u00f1as\u201d. Asistieron m\u00e1s de 300 personas de distintos estados del pa\u00eds, tanto de la funci\u00f3n p\u00fablica y la academia, como del sector privado y de la sociedad civil.<\/p>\n\n\n\n<figure class=\"wp-block-gallery columns-2 is-cropped wp-block-gallery-1 is-layout-flex wp-block-gallery-is-layout-flex\"><ul class=\"blocks-gallery-grid\"><li class=\"blocks-gallery-item\"><figure><a href=\"https:\/\/cedhchihuahua.org.mx\/wp\/wp-content\/uploads\/2020\/10\/1-2.jpeg\"><img fetchpriority=\"high\" decoding=\"async\" width=\"589\" height=\"331\" src=\"https:\/\/cedhchihuahua.org.mx\/wp\/wp-content\/uploads\/2020\/10\/1-2.jpeg\" alt=\"\" data-id=\"3116\" data-full-url=\"https:\/\/cedhchihuahua.org.mx\/wp\/wp-content\/uploads\/2020\/10\/1-2.jpeg\" data-link=\"https:\/\/cedhchihuahua.org.mx\/wp\/participa-la-cedh-en-seminario-que-ofrece-la-comision-de-colima\/1-3\/\" class=\"wp-image-3116\" srcset=\"https:\/\/cedhchihuahua.org.mx\/wp\/wp-content\/uploads\/2020\/10\/1-2.jpeg 589w, https:\/\/cedhchihuahua.org.mx\/wp\/wp-content\/uploads\/2020\/10\/1-2-300x169.jpeg 300w, https:\/\/cedhchihuahua.org.mx\/wp\/wp-content\/uploads\/2020\/10\/1-2-260x146.jpeg 260w, https:\/\/cedhchihuahua.org.mx\/wp\/wp-content\/uploads\/2020\/10\/1-2-50x28.jpeg 50w, https:\/\/cedhchihuahua.org.mx\/wp\/wp-content\/uploads\/2020\/10\/1-2-133x75.jpeg 133w\" sizes=\"(max-width: 589px) 100vw, 589px\" \/><\/a><\/figure><\/li><li class=\"blocks-gallery-item\"><figure><a href=\"https:\/\/cedhchihuahua.org.mx\/wp\/wp-content\/uploads\/2020\/10\/2-1.jpeg\"><img decoding=\"async\" width=\"589\" height=\"331\" src=\"https:\/\/cedhchihuahua.org.mx\/wp\/wp-content\/uploads\/2020\/10\/2-1.jpeg\" alt=\"\" data-id=\"3117\" data-full-url=\"https:\/\/cedhchihuahua.org.mx\/wp\/wp-content\/uploads\/2020\/10\/2-1.jpeg\" data-link=\"https:\/\/cedhchihuahua.org.mx\/wp\/participa-la-cedh-en-seminario-que-ofrece-la-comision-de-colima\/2-3\/\" class=\"wp-image-3117\" srcset=\"https:\/\/cedhchihuahua.org.mx\/wp\/wp-content\/uploads\/2020\/10\/2-1.jpeg 589w, https:\/\/cedhchihuahua.org.mx\/wp\/wp-content\/uploads\/2020\/10\/2-1-300x169.jpeg 300w, https:\/\/cedhchihuahua.org.mx\/wp\/wp-content\/uploads\/2020\/10\/2-1-260x146.jpeg 260w, https:\/\/cedhchihuahua.org.mx\/wp\/wp-content\/uploads\/2020\/10\/2-1-50x28.jpeg 50w, https:\/\/cedhchihuahua.org.mx\/wp\/wp-content\/uploads\/2020\/10\/2-1-133x75.jpeg 133w\" sizes=\"(max-width: 589px) 100vw, 589px\" \/><\/a><\/figure><\/li><li class=\"blocks-gallery-item\"><figure><a href=\"https:\/\/cedhchihuahua.org.mx\/wp\/wp-content\/uploads\/2020\/10\/3-2.jpeg\"><img decoding=\"async\" width=\"589\" height=\"331\" src=\"https:\/\/cedhchihuahua.org.mx\/wp\/wp-content\/uploads\/2020\/10\/3-2.jpeg\" alt=\"\" data-id=\"3118\" data-full-url=\"https:\/\/cedhchihuahua.org.mx\/wp\/wp-content\/uploads\/2020\/10\/3-2.jpeg\" data-link=\"https:\/\/cedhchihuahua.org.mx\/wp\/participa-la-cedh-en-seminario-que-ofrece-la-comision-de-colima\/3-4\/\" class=\"wp-image-3118\" srcset=\"https:\/\/cedhchihuahua.org.mx\/wp\/wp-content\/uploads\/2020\/10\/3-2.jpeg 589w, https:\/\/cedhchihuahua.org.mx\/wp\/wp-content\/uploads\/2020\/10\/3-2-300x169.jpeg 300w, https:\/\/cedhchihuahua.org.mx\/wp\/wp-content\/uploads\/2020\/10\/3-2-260x146.jpeg 260w, https:\/\/cedhchihuahua.org.mx\/wp\/wp-content\/uploads\/2020\/10\/3-2-50x28.jpeg 50w, https:\/\/cedhchihuahua.org.mx\/wp\/wp-content\/uploads\/2020\/10\/3-2-133x75.jpeg 133w\" sizes=\"(max-width: 589px) 100vw, 589px\" \/><\/a><\/figure><\/li><li class=\"blocks-gallery-item\"><figure><a href=\"https:\/\/cedhchihuahua.org.mx\/wp\/wp-content\/uploads\/2020\/10\/4-1.jpeg\"><img loading=\"lazy\" decoding=\"async\" width=\"589\" height=\"331\" src=\"https:\/\/cedhchihuahua.org.mx\/wp\/wp-content\/uploads\/2020\/10\/4-1.jpeg\" alt=\"\" data-id=\"3119\" data-full-url=\"https:\/\/cedhchihuahua.org.mx\/wp\/wp-content\/uploads\/2020\/10\/4-1.jpeg\" data-link=\"https:\/\/cedhchihuahua.org.mx\/wp\/participa-la-cedh-en-seminario-que-ofrece-la-comision-de-colima\/4-2\/\" class=\"wp-image-3119\" srcset=\"https:\/\/cedhchihuahua.org.mx\/wp\/wp-content\/uploads\/2020\/10\/4-1.jpeg 589w, https:\/\/cedhchihuahua.org.mx\/wp\/wp-content\/uploads\/2020\/10\/4-1-300x169.jpeg 300w, https:\/\/cedhchihuahua.org.mx\/wp\/wp-content\/uploads\/2020\/10\/4-1-260x146.jpeg 260w, https:\/\/cedhchihuahua.org.mx\/wp\/wp-content\/uploads\/2020\/10\/4-1-50x28.jpeg 50w, https:\/\/cedhchihuahua.org.mx\/wp\/wp-content\/uploads\/2020\/10\/4-1-133x75.jpeg 133w\" sizes=\"(max-width: 589px) 100vw, 589px\" \/><\/a><\/figure><\/li><\/ul><\/figure>\n","protected":false},"excerpt":{"rendered":"<p>Dora Villalobos Mendoza, titular de la Unidad de Igualdad de G\u00e9nero de la Comisi\u00f3n Estatal de los Derechos Humanos, particip\u00f3 en el Tercer Seminario \u201cFormaci\u00f3n en Derechos Humanos\u201d que ofrece la Comisi\u00f3n de Derechos Humanos del Estado de Colima, impartiendo el M\u00f3dulo Seis \u201cG\u00e9nero y los Derechos Humanos de las Mujeres y las Ni\u00f1as\u201d. Asistieron [&hellip;]<\/p>\n","protected":false},"author":69,"featured_media":3116,"comment_status":"closed","ping_status":"closed","sticky":false,"template":"","format":"standard","meta":{"footnotes":""},"categories":[24,9],"tags":[],"class_list":["post-5163","post","type-post","status-publish","format-standard","has-post-thumbnail","hentry","category-conferencias","category-genero"],"yoast_head":"<!-- This site is optimized with the Yoast SEO plugin v27.4 - https:\/\/yoast.com\/product\/yoast-seo-wordpress\/ -->\n<title>Participa la CEDH en seminario que ofrece la Comisi\u00f3n de Colima | Comisi\u00f3n Estatal de los Derechos Humanos de Chihuahua<\/title>\n<meta name=\"robots\" content=\"index, follow, max-snippet:-1, max-image-preview:large, max-video-preview:-1\" \/>\n<link rel=\"canonical\" href=\"https:\/\/cedhchihuahua.org.mx\/wp\/2020\/10\/09\/participa-la-cedh-en-seminario-que-ofrece-la-comision-de-colima\/\" \/>\n<meta property=\"og:locale\" content=\"es_ES\" \/>\n<meta property=\"og:type\" content=\"article\" \/>\n<meta property=\"og:title\" content=\"Participa la CEDH en seminario que ofrece la Comisi\u00f3n de Colima | Comisi\u00f3n Estatal de los Derechos Humanos de Chihuahua\" \/>\n<meta property=\"og:description\" content=\"Dora Villalobos Mendoza, titular de la Unidad de Igualdad de G\u00e9nero de la Comisi\u00f3n Estatal de los Derechos Humanos, particip\u00f3 en el Tercer Seminario \u201cFormaci\u00f3n en Derechos Humanos\u201d que ofrece la Comisi\u00f3n de Derechos Humanos del Estado de Colima, impartiendo el M\u00f3dulo Seis \u201cG\u00e9nero y los Derechos Humanos de las Mujeres y las Ni\u00f1as\u201d. Asistieron [&hellip;]\" \/>\n<meta property=\"og:url\" content=\"https:\/\/cedhchihuahua.org.mx\/wp\/2020\/10\/09\/participa-la-cedh-en-seminario-que-ofrece-la-comision-de-colima\/\" \/>\n<meta property=\"og:site_name\" content=\"Comisi\u00f3n Estatal de los Derechos Humanos de Chihuahua\" \/>\n<meta property=\"article:publisher\" content=\"https:\/\/www.facebook.com\/CEDHChihuahua\" \/>\n<meta property=\"article:published_time\" content=\"2020-10-09T18:50:00+00:00\" \/>\n<meta property=\"article:modified_time\" content=\"2021-06-04T18:54:34+00:00\" \/>\n<meta property=\"og:image\" content=\"https:\/\/cedhchihuahua.org.mx\/wp\/wp-content\/uploads\/2020\/10\/1-2.jpeg\" \/>\n\t<meta property=\"og:image:width\" content=\"589\" \/>\n\t<meta property=\"og:image:height\" content=\"331\" \/>\n\t<meta property=\"og:image:type\" content=\"image\/jpeg\" \/>\n<meta name=\"author\" content=\"David Andr\u00e9s Rivera Coronado\" \/>\n<meta name=\"twitter:card\" content=\"summary_large_image\" \/>\n<meta name=\"twitter:creator\" content=\"@cedhchihuahua\" \/>\n<meta name=\"twitter:site\" content=\"@cedhchihuahua\" \/>\n<meta name=\"twitter:label1\" content=\"Escrito por\" \/>\n\t<meta name=\"twitter:data1\" content=\"David Andr\u00e9s Rivera Coronado\" \/>\n<script type=\"application\/ld+json\" class=\"yoast-schema-graph\">{\"@context\":\"https:\\\/\\\/schema.org\",\"@graph\":[{\"@type\":\"Article\",\"@id\":\"https:\\\/\\\/cedhchihuahua.org.mx\\\/wp\\\/2020\\\/10\\\/09\\\/participa-la-cedh-en-seminario-que-ofrece-la-comision-de-colima\\\/#article\",\"isPartOf\":{\"@id\":\"https:\\\/\\\/cedhchihuahua.org.mx\\\/wp\\\/2020\\\/10\\\/09\\\/participa-la-cedh-en-seminario-que-ofrece-la-comision-de-colima\\\/\"},\"author\":{\"name\":\"David Andr\u00e9s Rivera Coronado\",\"@id\":\"https:\\\/\\\/cedhchihuahua.org.mx\\\/wp\\\/#\\\/schema\\\/person\\\/502949b8fd3069917a6785e55db9bb16\"},\"headline\":\"Participa la CEDH en seminario que ofrece la Comisi\u00f3n de Colima\",\"datePublished\":\"2020-10-09T18:50:00+00:00\",\"dateModified\":\"2021-06-04T18:54:34+00:00\",\"mainEntityOfPage\":{\"@id\":\"https:\\\/\\\/cedhchihuahua.org.mx\\\/wp\\\/2020\\\/10\\\/09\\\/participa-la-cedh-en-seminario-que-ofrece-la-comision-de-colima\\\/\"},\"wordCount\":103,\"publisher\":{\"@id\":\"https:\\\/\\\/cedhchihuahua.org.mx\\\/wp\\\/#organization\"},\"image\":{\"@id\":\"https:\\\/\\\/cedhchihuahua.org.mx\\\/wp\\\/2020\\\/10\\\/09\\\/participa-la-cedh-en-seminario-que-ofrece-la-comision-de-colima\\\/#primaryimage\"},\"thumbnailUrl\":\"https:\\\/\\\/cedhchihuahua.org.mx\\\/wp\\\/wp-content\\\/uploads\\\/2020\\\/10\\\/1-2.jpeg\",\"articleSection\":[\"Conferencias\",\"Igualdad de G\u00e9nero\"],\"inLanguage\":\"es\"},{\"@type\":\"WebPage\",\"@id\":\"https:\\\/\\\/cedhchihuahua.org.mx\\\/wp\\\/2020\\\/10\\\/09\\\/participa-la-cedh-en-seminario-que-ofrece-la-comision-de-colima\\\/\",\"url\":\"https:\\\/\\\/cedhchihuahua.org.mx\\\/wp\\\/2020\\\/10\\\/09\\\/participa-la-cedh-en-seminario-que-ofrece-la-comision-de-colima\\\/\",\"name\":\"Participa la CEDH en seminario que ofrece la Comisi\u00f3n de Colima | Comisi\u00f3n Estatal de los Derechos Humanos de Chihuahua\",\"isPartOf\":{\"@id\":\"https:\\\/\\\/cedhchihuahua.org.mx\\\/wp\\\/#website\"},\"primaryImageOfPage\":{\"@id\":\"https:\\\/\\\/cedhchihuahua.org.mx\\\/wp\\\/2020\\\/10\\\/09\\\/participa-la-cedh-en-seminario-que-ofrece-la-comision-de-colima\\\/#primaryimage\"},\"image\":{\"@id\":\"https:\\\/\\\/cedhchihuahua.org.mx\\\/wp\\\/2020\\\/10\\\/09\\\/participa-la-cedh-en-seminario-que-ofrece-la-comision-de-colima\\\/#primaryimage\"},\"thumbnailUrl\":\"https:\\\/\\\/cedhchihuahua.org.mx\\\/wp\\\/wp-content\\\/uploads\\\/2020\\\/10\\\/1-2.jpeg\",\"datePublished\":\"2020-10-09T18:50:00+00:00\",\"dateModified\":\"2021-06-04T18:54:34+00:00\",\"breadcrumb\":{\"@id\":\"https:\\\/\\\/cedhchihuahua.org.mx\\\/wp\\\/2020\\\/10\\\/09\\\/participa-la-cedh-en-seminario-que-ofrece-la-comision-de-colima\\\/#breadcrumb\"},\"inLanguage\":\"es\",\"potentialAction\":[{\"@type\":\"ReadAction\",\"target\":[\"https:\\\/\\\/cedhchihuahua.org.mx\\\/wp\\\/2020\\\/10\\\/09\\\/participa-la-cedh-en-seminario-que-ofrece-la-comision-de-colima\\\/\"]}]},{\"@type\":\"ImageObject\",\"inLanguage\":\"es\",\"@id\":\"https:\\\/\\\/cedhchihuahua.org.mx\\\/wp\\\/2020\\\/10\\\/09\\\/participa-la-cedh-en-seminario-que-ofrece-la-comision-de-colima\\\/#primaryimage\",\"url\":\"https:\\\/\\\/cedhchihuahua.org.mx\\\/wp\\\/wp-content\\\/uploads\\\/2020\\\/10\\\/1-2.jpeg\",\"contentUrl\":\"https:\\\/\\\/cedhchihuahua.org.mx\\\/wp\\\/wp-content\\\/uploads\\\/2020\\\/10\\\/1-2.jpeg\",\"width\":589,\"height\":331},{\"@type\":\"BreadcrumbList\",\"@id\":\"https:\\\/\\\/cedhchihuahua.org.mx\\\/wp\\\/2020\\\/10\\\/09\\\/participa-la-cedh-en-seminario-que-ofrece-la-comision-de-colima\\\/#breadcrumb\",\"itemListElement\":[{\"@type\":\"ListItem\",\"position\":1,\"name\":\"Inicio\",\"item\":\"https:\\\/\\\/cedhchihuahua.org.mx\\\/wp\\\/\"},{\"@type\":\"ListItem\",\"position\":2,\"name\":\"Igualdad de G\u00e9nero\",\"item\":\"https:\\\/\\\/cedhchihuahua.org.mx\\\/wp\\\/area\\\/genero\\\/\"},{\"@type\":\"ListItem\",\"position\":3,\"name\":\"Conferencias\",\"item\":\"https:\\\/\\\/cedhchihuahua.org.mx\\\/wp\\\/area\\\/genero\\\/conferencias\\\/\"},{\"@type\":\"ListItem\",\"position\":4,\"name\":\"Participa la CEDH en seminario que ofrece la Comisi\u00f3n de Colima\"}]},{\"@type\":\"WebSite\",\"@id\":\"https:\\\/\\\/cedhchihuahua.org.mx\\\/wp\\\/#website\",\"url\":\"https:\\\/\\\/cedhchihuahua.org.mx\\\/wp\\\/\",\"name\":\"Comisi\u00f3n Estatal de los Derechos Humanos de Chihuahua\",\"description\":\"\",\"publisher\":{\"@id\":\"https:\\\/\\\/cedhchihuahua.org.mx\\\/wp\\\/#organization\"},\"alternateName\":\"CEDH Chihuahua\",\"potentialAction\":[{\"@type\":\"SearchAction\",\"target\":{\"@type\":\"EntryPoint\",\"urlTemplate\":\"https:\\\/\\\/cedhchihuahua.org.mx\\\/wp\\\/?s={search_term_string}\"},\"query-input\":{\"@type\":\"PropertyValueSpecification\",\"valueRequired\":true,\"valueName\":\"search_term_string\"}}],\"inLanguage\":\"es\"},{\"@type\":\"Organization\",\"@id\":\"https:\\\/\\\/cedhchihuahua.org.mx\\\/wp\\\/#organization\",\"name\":\"Comisi\u00f3n Estatal de los Derechos Humanos de Chihuahua\",\"alternateName\":\"CEDH Chihuahua\",\"url\":\"https:\\\/\\\/cedhchihuahua.org.mx\\\/wp\\\/\",\"logo\":{\"@type\":\"ImageObject\",\"inLanguage\":\"es\",\"@id\":\"https:\\\/\\\/cedhchihuahua.org.mx\\\/wp\\\/#\\\/schema\\\/logo\\\/image\\\/\",\"url\":\"https:\\\/\\\/cedhchihuahua.org.mx\\\/wp\\\/wp-content\\\/uploads\\\/2021\\\/05\\\/cedh-2024.png\",\"contentUrl\":\"https:\\\/\\\/cedhchihuahua.org.mx\\\/wp\\\/wp-content\\\/uploads\\\/2021\\\/05\\\/cedh-2024.png\",\"width\":827,\"height\":929,\"caption\":\"Comisi\u00f3n Estatal de los Derechos Humanos de Chihuahua\"},\"image\":{\"@id\":\"https:\\\/\\\/cedhchihuahua.org.mx\\\/wp\\\/#\\\/schema\\\/logo\\\/image\\\/\"},\"sameAs\":[\"https:\\\/\\\/www.facebook.com\\\/CEDHChihuahua\",\"https:\\\/\\\/x.com\\\/cedhchihuahua\",\"https:\\\/\\\/www.instagram.com\\\/cedhchih\\\/\",\"https:\\\/\\\/www.youtube.com\\\/@cedhchih\",\"https:\\\/\\\/www.tiktok.com\\\/@cedhchih\"]},{\"@type\":\"Person\",\"@id\":\"https:\\\/\\\/cedhchihuahua.org.mx\\\/wp\\\/#\\\/schema\\\/person\\\/502949b8fd3069917a6785e55db9bb16\",\"name\":\"David Andr\u00e9s Rivera Coronado\",\"image\":{\"@type\":\"ImageObject\",\"inLanguage\":\"es\",\"@id\":\"https:\\\/\\\/secure.gravatar.com\\\/avatar\\\/d6f120a1e6b33d36551e5ff28a3c7825c3797ad7a7446d8b6374cfc3981348d9?s=96&d=blank&r=g\",\"url\":\"https:\\\/\\\/secure.gravatar.com\\\/avatar\\\/d6f120a1e6b33d36551e5ff28a3c7825c3797ad7a7446d8b6374cfc3981348d9?s=96&d=blank&r=g\",\"contentUrl\":\"https:\\\/\\\/secure.gravatar.com\\\/avatar\\\/d6f120a1e6b33d36551e5ff28a3c7825c3797ad7a7446d8b6374cfc3981348d9?s=96&d=blank&r=g\",\"caption\":\"David Andr\u00e9s Rivera Coronado\"},\"url\":\"https:\\\/\\\/cedhchihuahua.org.mx\\\/wp\\\/author\\\/davidrivera\\\/\"}]}<\/script>\n<!-- \/ Yoast SEO plugin. -->","yoast_head_json":{"title":"Participa la CEDH en seminario que ofrece la Comisi\u00f3n de Colima | Comisi\u00f3n Estatal de los Derechos Humanos de Chihuahua","robots":{"index":"index","follow":"follow","max-snippet":"max-snippet:-1","max-image-preview":"max-image-preview:large","max-video-preview":"max-video-preview:-1"},"canonical":"https:\/\/cedhchihuahua.org.mx\/wp\/2020\/10\/09\/participa-la-cedh-en-seminario-que-ofrece-la-comision-de-colima\/","og_locale":"es_ES","og_type":"article","og_title":"Participa la CEDH en seminario que ofrece la Comisi\u00f3n de Colima | Comisi\u00f3n Estatal de los Derechos Humanos de Chihuahua","og_description":"Dora Villalobos Mendoza, titular de la Unidad de Igualdad de G\u00e9nero de la Comisi\u00f3n Estatal de los Derechos Humanos, particip\u00f3 en el Tercer Seminario \u201cFormaci\u00f3n en Derechos Humanos\u201d que ofrece la Comisi\u00f3n de Derechos Humanos del Estado de Colima, impartiendo el M\u00f3dulo Seis \u201cG\u00e9nero y los Derechos Humanos de las Mujeres y las Ni\u00f1as\u201d. Asistieron [&hellip;]","og_url":"https:\/\/cedhchihuahua.org.mx\/wp\/2020\/10\/09\/participa-la-cedh-en-seminario-que-ofrece-la-comision-de-colima\/","og_site_name":"Comisi\u00f3n Estatal de los Derechos Humanos de Chihuahua","article_publisher":"https:\/\/www.facebook.com\/CEDHChihuahua","article_published_time":"2020-10-09T18:50:00+00:00","article_modified_time":"2021-06-04T18:54:34+00:00","og_image":[{"width":589,"height":331,"url":"https:\/\/cedhchihuahua.org.mx\/wp\/wp-content\/uploads\/2020\/10\/1-2.jpeg","type":"image\/jpeg"}],"author":"David Andr\u00e9s Rivera Coronado","twitter_card":"summary_large_image","twitter_creator":"@cedhchihuahua","twitter_site":"@cedhchihuahua","twitter_misc":{"Escrito por":"David Andr\u00e9s Rivera Coronado"},"schema":{"@context":"https:\/\/schema.org","@graph":[{"@type":"Article","@id":"https:\/\/cedhchihuahua.org.mx\/wp\/2020\/10\/09\/participa-la-cedh-en-seminario-que-ofrece-la-comision-de-colima\/#article","isPartOf":{"@id":"https:\/\/cedhchihuahua.org.mx\/wp\/2020\/10\/09\/participa-la-cedh-en-seminario-que-ofrece-la-comision-de-colima\/"},"author":{"name":"David Andr\u00e9s Rivera Coronado","@id":"https:\/\/cedhchihuahua.org.mx\/wp\/#\/schema\/person\/502949b8fd3069917a6785e55db9bb16"},"headline":"Participa la CEDH en seminario que ofrece la Comisi\u00f3n de Colima","datePublished":"2020-10-09T18:50:00+00:00","dateModified":"2021-06-04T18:54:34+00:00","mainEntityOfPage":{"@id":"https:\/\/cedhchihuahua.org.mx\/wp\/2020\/10\/09\/participa-la-cedh-en-seminario-que-ofrece-la-comision-de-colima\/"},"wordCount":103,"publisher":{"@id":"https:\/\/cedhchihuahua.org.mx\/wp\/#organization"},"image":{"@id":"https:\/\/cedhchihuahua.org.mx\/wp\/2020\/10\/09\/participa-la-cedh-en-seminario-que-ofrece-la-comision-de-colima\/#primaryimage"},"thumbnailUrl":"https:\/\/cedhchihuahua.org.mx\/wp\/wp-content\/uploads\/2020\/10\/1-2.jpeg","articleSection":["Conferencias","Igualdad de G\u00e9nero"],"inLanguage":"es"},{"@type":"WebPage","@id":"https:\/\/cedhchihuahua.org.mx\/wp\/2020\/10\/09\/participa-la-cedh-en-seminario-que-ofrece-la-comision-de-colima\/","url":"https:\/\/cedhchihuahua.org.mx\/wp\/2020\/10\/09\/participa-la-cedh-en-seminario-que-ofrece-la-comision-de-colima\/","name":"Participa la CEDH en seminario que ofrece la Comisi\u00f3n de Colima | Comisi\u00f3n Estatal de los Derechos Humanos de Chihuahua","isPartOf":{"@id":"https:\/\/cedhchihuahua.org.mx\/wp\/#website"},"primaryImageOfPage":{"@id":"https:\/\/cedhchihuahua.org.mx\/wp\/2020\/10\/09\/participa-la-cedh-en-seminario-que-ofrece-la-comision-de-colima\/#primaryimage"},"image":{"@id":"https:\/\/cedhchihuahua.org.mx\/wp\/2020\/10\/09\/participa-la-cedh-en-seminario-que-ofrece-la-comision-de-colima\/#primaryimage"},"thumbnailUrl":"https:\/\/cedhchihuahua.org.mx\/wp\/wp-content\/uploads\/2020\/10\/1-2.jpeg","datePublished":"2020-10-09T18:50:00+00:00","dateModified":"2021-06-04T18:54:34+00:00","breadcrumb":{"@id":"https:\/\/cedhchihuahua.org.mx\/wp\/2020\/10\/09\/participa-la-cedh-en-seminario-que-ofrece-la-comision-de-colima\/#breadcrumb"},"inLanguage":"es","potentialAction":[{"@type":"ReadAction","target":["https:\/\/cedhchihuahua.org.mx\/wp\/2020\/10\/09\/participa-la-cedh-en-seminario-que-ofrece-la-comision-de-colima\/"]}]},{"@type":"ImageObject","inLanguage":"es","@id":"https:\/\/cedhchihuahua.org.mx\/wp\/2020\/10\/09\/participa-la-cedh-en-seminario-que-ofrece-la-comision-de-colima\/#primaryimage","url":"https:\/\/cedhchihuahua.org.mx\/wp\/wp-content\/uploads\/2020\/10\/1-2.jpeg","contentUrl":"https:\/\/cedhchihuahua.org.mx\/wp\/wp-content\/uploads\/2020\/10\/1-2.jpeg","width":589,"height":331},{"@type":"BreadcrumbList","@id":"https:\/\/cedhchihuahua.org.mx\/wp\/2020\/10\/09\/participa-la-cedh-en-seminario-que-ofrece-la-comision-de-colima\/#breadcrumb","itemListElement":[{"@type":"ListItem","position":1,"name":"Inicio","item":"https:\/\/cedhchihuahua.org.mx\/wp\/"},{"@type":"ListItem","position":2,"name":"Igualdad de G\u00e9nero","item":"https:\/\/cedhchihuahua.org.mx\/wp\/area\/genero\/"},{"@type":"ListItem","position":3,"name":"Conferencias","item":"https:\/\/cedhchihuahua.org.mx\/wp\/area\/genero\/conferencias\/"},{"@type":"ListItem","position":4,"name":"Participa la CEDH en seminario que ofrece la Comisi\u00f3n de Colima"}]},{"@type":"WebSite","@id":"https:\/\/cedhchihuahua.org.mx\/wp\/#website","url":"https:\/\/cedhchihuahua.org.mx\/wp\/","name":"Comisi\u00f3n Estatal de los Derechos Humanos de Chihuahua","description":"","publisher":{"@id":"https:\/\/cedhchihuahua.org.mx\/wp\/#organization"},"alternateName":"CEDH Chihuahua","potentialAction":[{"@type":"SearchAction","target":{"@type":"EntryPoint","urlTemplate":"https:\/\/cedhchihuahua.org.mx\/wp\/?s={search_term_string}"},"query-input":{"@type":"PropertyValueSpecification","valueRequired":true,"valueName":"search_term_string"}}],"inLanguage":"es"},{"@type":"Organization","@id":"https:\/\/cedhchihuahua.org.mx\/wp\/#organization","name":"Comisi\u00f3n Estatal de los Derechos Humanos de Chihuahua","alternateName":"CEDH Chihuahua","url":"https:\/\/cedhchihuahua.org.mx\/wp\/","logo":{"@type":"ImageObject","inLanguage":"es","@id":"https:\/\/cedhchihuahua.org.mx\/wp\/#\/schema\/logo\/image\/","url":"https:\/\/cedhchihuahua.org.mx\/wp\/wp-content\/uploads\/2021\/05\/cedh-2024.png","contentUrl":"https:\/\/cedhchihuahua.org.mx\/wp\/wp-content\/uploads\/2021\/05\/cedh-2024.png","width":827,"height":929,"caption":"Comisi\u00f3n Estatal de los Derechos Humanos de Chihuahua"},"image":{"@id":"https:\/\/cedhchihuahua.org.mx\/wp\/#\/schema\/logo\/image\/"},"sameAs":["https:\/\/www.facebook.com\/CEDHChihuahua","https:\/\/x.com\/cedhchihuahua","https:\/\/www.instagram.com\/cedhchih\/","https:\/\/www.youtube.com\/@cedhchih","https:\/\/www.tiktok.com\/@cedhchih"]},{"@type":"Person","@id":"https:\/\/cedhchihuahua.org.mx\/wp\/#\/schema\/person\/502949b8fd3069917a6785e55db9bb16","name":"David Andr\u00e9s Rivera Coronado","image":{"@type":"ImageObject","inLanguage":"es","@id":"https:\/\/secure.gravatar.com\/avatar\/d6f120a1e6b33d36551e5ff28a3c7825c3797ad7a7446d8b6374cfc3981348d9?s=96&d=blank&r=g","url":"https:\/\/secure.gravatar.com\/avatar\/d6f120a1e6b33d36551e5ff28a3c7825c3797ad7a7446d8b6374cfc3981348d9?s=96&d=blank&r=g","contentUrl":"https:\/\/secure.gravatar.com\/avatar\/d6f120a1e6b33d36551e5ff28a3c7825c3797ad7a7446d8b6374cfc3981348d9?s=96&d=blank&r=g","caption":"David Andr\u00e9s Rivera Coronado"},"url":"https:\/\/cedhchihuahua.org.mx\/wp\/author\/davidrivera\/"}]}},"_links":{"self":[{"href":"https:\/\/cedhchihuahua.org.mx\/wp\/wp-json\/wp\/v2\/posts\/5163","targetHints":{"allow":["GET"]}}],"collection":[{"href":"https:\/\/cedhchihuahua.org.mx\/wp\/wp-json\/wp\/v2\/posts"}],"about":[{"href":"https:\/\/cedhchihuahua.org.mx\/wp\/wp-json\/wp\/v2\/types\/post"}],"author":[{"embeddable":true,"href":"https:\/\/cedhchihuahua.org.mx\/wp\/wp-json\/wp\/v2\/users\/69"}],"replies":[{"embeddable":true,"href":"https:\/\/cedhchihuahua.org.mx\/wp\/wp-json\/wp\/v2\/comments?post=5163"}],"version-history":[{"count":1,"href":"https:\/\/cedhchihuahua.org.mx\/wp\/wp-json\/wp\/v2\/posts\/5163\/revisions"}],"predecessor-version":[{"id":5164,"href":"https:\/\/cedhchihuahua.org.mx\/wp\/wp-json\/wp\/v2\/posts\/5163\/revisions\/5164"}],"wp:featuredmedia":[{"embeddable":true,"href":"https:\/\/cedhchihuahua.org.mx\/wp\/wp-json\/wp\/v2\/media\/3116"}],"wp:attachment":[{"href":"https:\/\/cedhchihuahua.org.mx\/wp\/wp-json\/wp\/v2\/media?parent=5163"}],"wp:term":[{"taxonomy":"category","embeddable":true,"href":"https:\/\/cedhchihuahua.org.mx\/wp\/wp-json\/wp\/v2\/categories?post=5163"},{"taxonomy":"post_tag","embeddable":true,"href":"https:\/\/cedhchihuahua.org.mx\/wp\/wp-json\/wp\/v2\/tags?post=5163"}],"curies":[{"name":"wp","href":"https:\/\/api.w.org\/{rel}","templated":true}]}}