{"id":8255,"date":"2022-04-27T15:17:08","date_gmt":"2022-04-27T21:17:08","guid":{"rendered":"https:\/\/cedhchihuahua.org.mx\/wp\/?p=8255"},"modified":"2022-04-27T15:17:09","modified_gmt":"2022-04-27T21:17:09","slug":"recibe-cedh-chihuahua-a-consul-general-de-guatemala","status":"publish","type":"post","link":"https:\/\/cedhchihuahua.org.mx\/wp\/2022\/04\/27\/recibe-cedh-chihuahua-a-consul-general-de-guatemala\/","title":{"rendered":"Recibe CEDH Chihuahua a C\u00f3nsul General de Guatemala"},"content":{"rendered":"\n<p><strong>Trabajar\u00e1n de manera coordinada para proteger a personas en situaci\u00f3n de movilidad originarias de ese pa\u00eds<\/strong><\/p>\n\n\n\n<p>El presidente de la Comisi\u00f3n Estatal de los Derechos Humanos de Chihuahua (CEDH), N\u00e9stor Armend\u00e1riz Loya, sostuvo una reuni\u00f3n de trabajo con el C\u00f3nsul General de Guatemala, Erick Cardona Ch\u00e1vez, en la que acordaron unir esfuerzos para atender y proteger los derechos humanos de personas migrantes de origen guatemalteco que sean ubicadas en el estado de Chihuahua.<\/p>\n\n\n\n<p>Durante la reuni\u00f3n, el c\u00f3nsul general de Guatemala con influencia en los estados de Chihuahua, Sonora, Sinaloa, Baja California y Baja California Sur, agradeci\u00f3 al ombudsperson por el trabajo que se realiza en favor de sus connacionales, y asegur\u00f3 que los organismos p\u00fablicos de derechos humanos son pieza fundamental para que las personas en situaci\u00f3n de movilidad tengan acceso principalmente a salud, alojamiento y alimentaci\u00f3n.<\/p>\n\n\n\n<figure class=\"wp-block-gallery has-nested-images columns-default is-cropped wp-block-gallery-1 is-layout-flex wp-block-gallery-is-layout-flex\">\n<figure class=\"wp-block-image size-large\"><a href=\"https:\/\/cedhchihuahua.org.mx\/wp\/wp-content\/uploads\/2022\/04\/consul-1.jpeg\"><img fetchpriority=\"high\" decoding=\"async\" width=\"1024\" height=\"804\" data-id=\"8258\" src=\"https:\/\/cedhchihuahua.org.mx\/wp\/wp-content\/uploads\/2022\/04\/consul-1-1024x804.jpeg\" alt=\"\" class=\"wp-image-8258\" srcset=\"https:\/\/cedhchihuahua.org.mx\/wp\/wp-content\/uploads\/2022\/04\/consul-1-1024x804.jpeg 1024w, https:\/\/cedhchihuahua.org.mx\/wp\/wp-content\/uploads\/2022\/04\/consul-1-300x236.jpeg 300w, https:\/\/cedhchihuahua.org.mx\/wp\/wp-content\/uploads\/2022\/04\/consul-1-768x603.jpeg 768w, https:\/\/cedhchihuahua.org.mx\/wp\/wp-content\/uploads\/2022\/04\/consul-1-186x146.jpeg 186w, https:\/\/cedhchihuahua.org.mx\/wp\/wp-content\/uploads\/2022\/04\/consul-1-50x39.jpeg 50w, https:\/\/cedhchihuahua.org.mx\/wp\/wp-content\/uploads\/2022\/04\/consul-1-95x75.jpeg 95w, https:\/\/cedhchihuahua.org.mx\/wp\/wp-content\/uploads\/2022\/04\/consul-1-917x720.jpeg 917w, https:\/\/cedhchihuahua.org.mx\/wp\/wp-content\/uploads\/2022\/04\/consul-1.jpeg 1221w\" sizes=\"(max-width: 1024px) 100vw, 1024px\" \/><\/a><\/figure>\n\n\n\n<figure class=\"wp-block-image size-large\"><a href=\"https:\/\/cedhchihuahua.org.mx\/wp\/wp-content\/uploads\/2022\/04\/consul-2.jpeg\"><img decoding=\"async\" width=\"845\" height=\"1024\" data-id=\"8257\" src=\"https:\/\/cedhchihuahua.org.mx\/wp\/wp-content\/uploads\/2022\/04\/consul-2-845x1024.jpeg\" alt=\"\" class=\"wp-image-8257\" srcset=\"https:\/\/cedhchihuahua.org.mx\/wp\/wp-content\/uploads\/2022\/04\/consul-2-845x1024.jpeg 845w, https:\/\/cedhchihuahua.org.mx\/wp\/wp-content\/uploads\/2022\/04\/consul-2-247x300.jpeg 247w, https:\/\/cedhchihuahua.org.mx\/wp\/wp-content\/uploads\/2022\/04\/consul-2-768x931.jpeg 768w, https:\/\/cedhchihuahua.org.mx\/wp\/wp-content\/uploads\/2022\/04\/consul-2-120x146.jpeg 120w, https:\/\/cedhchihuahua.org.mx\/wp\/wp-content\/uploads\/2022\/04\/consul-2-41x50.jpeg 41w, https:\/\/cedhchihuahua.org.mx\/wp\/wp-content\/uploads\/2022\/04\/consul-2-62x75.jpeg 62w, https:\/\/cedhchihuahua.org.mx\/wp\/wp-content\/uploads\/2022\/04\/consul-2-594x720.jpeg 594w, https:\/\/cedhchihuahua.org.mx\/wp\/wp-content\/uploads\/2022\/04\/consul-2.jpeg 960w\" sizes=\"(max-width: 845px) 100vw, 845px\" \/><\/a><\/figure>\n<\/figure>\n\n\n\n<p>Al respecto, N\u00e9stor Armend\u00e1riz coment\u00f3 que debido a que M\u00e9xico es un lugar de tr\u00e1nsito, retorno y ya tambi\u00e9n de destino para las personas que salen de sus pa\u00edses de origen en b\u00fasqueda de una mayor calidad de vida, al encontrarse ya en territorio mexicano se encuentran expuestas a diferentes actos cometidos por parte de autoridades que atentan en contra de sus derechos fundamentales, como son aseguramientos, detenciones ilegales y maltrato f\u00edsico, adem\u00e1s de enfrentar las necesidades del acceso a la salud, vivienda, alimentaci\u00f3n, educaci\u00f3n de ni\u00f1as, ni\u00f1os y adolescentes.<\/p>\n\n\n\n<p>As\u00ed mismo, dijo que mediante este trabajo coordinado, la CEDH y el Consulado General de Guatemala estar\u00e1n en comunicaci\u00f3n permanente para los casos de personas migrantes de esa nacionalidad que sean ubicadas y requieran de alguna orientaci\u00f3n, gesti\u00f3n, asesor\u00eda o en su caso, la tramitaci\u00f3n de una queja en caso de haber sufrido alguna vulneraci\u00f3n en sus derechos humanos.<\/p>\n","protected":false},"excerpt":{"rendered":"<p>Trabajar\u00e1n de manera coordinada para proteger a personas en situaci\u00f3n de movilidad originarias de ese pa\u00eds El presidente de la Comisi\u00f3n Estatal de los Derechos Humanos de Chihuahua (CEDH), N\u00e9stor Armend\u00e1riz Loya, sostuvo una reuni\u00f3n de trabajo con el C\u00f3nsul General de Guatemala, Erick Cardona Ch\u00e1vez, en la que acordaron unir esfuerzos para atender y [&hellip;]<\/p>\n","protected":false},"author":59,"featured_media":8258,"comment_status":"closed","ping_status":"closed","sticky":false,"template":"","format":"standard","meta":{"footnotes":""},"categories":[1],"tags":[],"class_list":["post-8255","post","type-post","status-publish","format-standard","has-post-thumbnail","hentry","category-prensa"],"yoast_head":"<!-- This site is optimized with the Yoast SEO plugin v27.4 - https:\/\/yoast.com\/product\/yoast-seo-wordpress\/ -->\n<title>Recibe CEDH Chihuahua a C\u00f3nsul General de Guatemala | Comisi\u00f3n Estatal de los Derechos Humanos de Chihuahua<\/title>\n<meta name=\"robots\" content=\"index, follow, max-snippet:-1, max-image-preview:large, max-video-preview:-1\" \/>\n<link rel=\"canonical\" href=\"https:\/\/cedhchihuahua.org.mx\/wp\/2022\/04\/27\/recibe-cedh-chihuahua-a-consul-general-de-guatemala\/\" \/>\n<meta property=\"og:locale\" content=\"es_ES\" \/>\n<meta property=\"og:type\" content=\"article\" \/>\n<meta property=\"og:title\" content=\"Recibe CEDH Chihuahua a C\u00f3nsul General de Guatemala | Comisi\u00f3n Estatal de los Derechos Humanos de Chihuahua\" \/>\n<meta property=\"og:description\" content=\"Trabajar\u00e1n de manera coordinada para proteger a personas en situaci\u00f3n de movilidad originarias de ese pa\u00eds El presidente de la Comisi\u00f3n Estatal de los Derechos Humanos de Chihuahua (CEDH), N\u00e9stor Armend\u00e1riz Loya, sostuvo una reuni\u00f3n de trabajo con el C\u00f3nsul General de Guatemala, Erick Cardona Ch\u00e1vez, en la que acordaron unir esfuerzos para atender y [&hellip;]\" \/>\n<meta property=\"og:url\" content=\"https:\/\/cedhchihuahua.org.mx\/wp\/2022\/04\/27\/recibe-cedh-chihuahua-a-consul-general-de-guatemala\/\" \/>\n<meta property=\"og:site_name\" content=\"Comisi\u00f3n Estatal de los Derechos Humanos de Chihuahua\" \/>\n<meta property=\"article:publisher\" content=\"https:\/\/www.facebook.com\/CEDHChihuahua\" \/>\n<meta property=\"article:published_time\" content=\"2022-04-27T21:17:08+00:00\" \/>\n<meta property=\"article:modified_time\" content=\"2022-04-27T21:17:09+00:00\" \/>\n<meta property=\"og:image\" content=\"https:\/\/cedhchihuahua.org.mx\/wp\/wp-content\/uploads\/2022\/04\/consul-1.jpeg\" \/>\n\t<meta property=\"og:image:width\" content=\"1221\" \/>\n\t<meta property=\"og:image:height\" content=\"959\" \/>\n\t<meta property=\"og:image:type\" content=\"image\/jpeg\" \/>\n<meta name=\"author\" content=\"Comunicaci\u00f3n Social\" \/>\n<meta name=\"twitter:card\" content=\"summary_large_image\" \/>\n<meta name=\"twitter:creator\" content=\"@cedhchihuahua\" \/>\n<meta name=\"twitter:site\" content=\"@cedhchihuahua\" \/>\n<meta name=\"twitter:label1\" content=\"Escrito por\" \/>\n\t<meta name=\"twitter:data1\" content=\"Comunicaci\u00f3n Social\" \/>\n\t<meta name=\"twitter:label2\" content=\"Tiempo de lectura\" \/>\n\t<meta name=\"twitter:data2\" content=\"2 minutos\" \/>\n<script type=\"application\/ld+json\" class=\"yoast-schema-graph\">{\"@context\":\"https:\\\/\\\/schema.org\",\"@graph\":[{\"@type\":\"Article\",\"@id\":\"https:\\\/\\\/cedhchihuahua.org.mx\\\/wp\\\/2022\\\/04\\\/27\\\/recibe-cedh-chihuahua-a-consul-general-de-guatemala\\\/#article\",\"isPartOf\":{\"@id\":\"https:\\\/\\\/cedhchihuahua.org.mx\\\/wp\\\/2022\\\/04\\\/27\\\/recibe-cedh-chihuahua-a-consul-general-de-guatemala\\\/\"},\"author\":{\"name\":\"Comunicaci\u00f3n Social\",\"@id\":\"https:\\\/\\\/cedhchihuahua.org.mx\\\/wp\\\/#\\\/schema\\\/person\\\/357a6a63e837fb72d8561f0cf3e8dff1\"},\"headline\":\"Recibe CEDH Chihuahua a C\u00f3nsul General de Guatemala\",\"datePublished\":\"2022-04-27T21:17:08+00:00\",\"dateModified\":\"2022-04-27T21:17:09+00:00\",\"mainEntityOfPage\":{\"@id\":\"https:\\\/\\\/cedhchihuahua.org.mx\\\/wp\\\/2022\\\/04\\\/27\\\/recibe-cedh-chihuahua-a-consul-general-de-guatemala\\\/\"},\"wordCount\":330,\"publisher\":{\"@id\":\"https:\\\/\\\/cedhchihuahua.org.mx\\\/wp\\\/#organization\"},\"image\":{\"@id\":\"https:\\\/\\\/cedhchihuahua.org.mx\\\/wp\\\/2022\\\/04\\\/27\\\/recibe-cedh-chihuahua-a-consul-general-de-guatemala\\\/#primaryimage\"},\"thumbnailUrl\":\"https:\\\/\\\/cedhchihuahua.org.mx\\\/wp\\\/wp-content\\\/uploads\\\/2022\\\/04\\\/consul-1.jpeg\",\"articleSection\":[\"Prensa\"],\"inLanguage\":\"es\"},{\"@type\":\"WebPage\",\"@id\":\"https:\\\/\\\/cedhchihuahua.org.mx\\\/wp\\\/2022\\\/04\\\/27\\\/recibe-cedh-chihuahua-a-consul-general-de-guatemala\\\/\",\"url\":\"https:\\\/\\\/cedhchihuahua.org.mx\\\/wp\\\/2022\\\/04\\\/27\\\/recibe-cedh-chihuahua-a-consul-general-de-guatemala\\\/\",\"name\":\"Recibe CEDH Chihuahua a C\u00f3nsul General de Guatemala | Comisi\u00f3n Estatal de los Derechos Humanos de Chihuahua\",\"isPartOf\":{\"@id\":\"https:\\\/\\\/cedhchihuahua.org.mx\\\/wp\\\/#website\"},\"primaryImageOfPage\":{\"@id\":\"https:\\\/\\\/cedhchihuahua.org.mx\\\/wp\\\/2022\\\/04\\\/27\\\/recibe-cedh-chihuahua-a-consul-general-de-guatemala\\\/#primaryimage\"},\"image\":{\"@id\":\"https:\\\/\\\/cedhchihuahua.org.mx\\\/wp\\\/2022\\\/04\\\/27\\\/recibe-cedh-chihuahua-a-consul-general-de-guatemala\\\/#primaryimage\"},\"thumbnailUrl\":\"https:\\\/\\\/cedhchihuahua.org.mx\\\/wp\\\/wp-content\\\/uploads\\\/2022\\\/04\\\/consul-1.jpeg\",\"datePublished\":\"2022-04-27T21:17:08+00:00\",\"dateModified\":\"2022-04-27T21:17:09+00:00\",\"breadcrumb\":{\"@id\":\"https:\\\/\\\/cedhchihuahua.org.mx\\\/wp\\\/2022\\\/04\\\/27\\\/recibe-cedh-chihuahua-a-consul-general-de-guatemala\\\/#breadcrumb\"},\"inLanguage\":\"es\",\"potentialAction\":[{\"@type\":\"ReadAction\",\"target\":[\"https:\\\/\\\/cedhchihuahua.org.mx\\\/wp\\\/2022\\\/04\\\/27\\\/recibe-cedh-chihuahua-a-consul-general-de-guatemala\\\/\"]}]},{\"@type\":\"ImageObject\",\"inLanguage\":\"es\",\"@id\":\"https:\\\/\\\/cedhchihuahua.org.mx\\\/wp\\\/2022\\\/04\\\/27\\\/recibe-cedh-chihuahua-a-consul-general-de-guatemala\\\/#primaryimage\",\"url\":\"https:\\\/\\\/cedhchihuahua.org.mx\\\/wp\\\/wp-content\\\/uploads\\\/2022\\\/04\\\/consul-1.jpeg\",\"contentUrl\":\"https:\\\/\\\/cedhchihuahua.org.mx\\\/wp\\\/wp-content\\\/uploads\\\/2022\\\/04\\\/consul-1.jpeg\",\"width\":1221,\"height\":959},{\"@type\":\"BreadcrumbList\",\"@id\":\"https:\\\/\\\/cedhchihuahua.org.mx\\\/wp\\\/2022\\\/04\\\/27\\\/recibe-cedh-chihuahua-a-consul-general-de-guatemala\\\/#breadcrumb\",\"itemListElement\":[{\"@type\":\"ListItem\",\"position\":1,\"name\":\"Inicio\",\"item\":\"https:\\\/\\\/cedhchihuahua.org.mx\\\/wp\\\/\"},{\"@type\":\"ListItem\",\"position\":2,\"name\":\"Prensa\",\"item\":\"https:\\\/\\\/cedhchihuahua.org.mx\\\/wp\\\/area\\\/prensa\\\/\"},{\"@type\":\"ListItem\",\"position\":3,\"name\":\"Recibe CEDH Chihuahua a C\u00f3nsul General de Guatemala\"}]},{\"@type\":\"WebSite\",\"@id\":\"https:\\\/\\\/cedhchihuahua.org.mx\\\/wp\\\/#website\",\"url\":\"https:\\\/\\\/cedhchihuahua.org.mx\\\/wp\\\/\",\"name\":\"Comisi\u00f3n Estatal de los Derechos Humanos de Chihuahua\",\"description\":\"\",\"publisher\":{\"@id\":\"https:\\\/\\\/cedhchihuahua.org.mx\\\/wp\\\/#organization\"},\"alternateName\":\"CEDH Chihuahua\",\"potentialAction\":[{\"@type\":\"SearchAction\",\"target\":{\"@type\":\"EntryPoint\",\"urlTemplate\":\"https:\\\/\\\/cedhchihuahua.org.mx\\\/wp\\\/?s={search_term_string}\"},\"query-input\":{\"@type\":\"PropertyValueSpecification\",\"valueRequired\":true,\"valueName\":\"search_term_string\"}}],\"inLanguage\":\"es\"},{\"@type\":\"Organization\",\"@id\":\"https:\\\/\\\/cedhchihuahua.org.mx\\\/wp\\\/#organization\",\"name\":\"Comisi\u00f3n Estatal de los Derechos Humanos de Chihuahua\",\"alternateName\":\"CEDH Chihuahua\",\"url\":\"https:\\\/\\\/cedhchihuahua.org.mx\\\/wp\\\/\",\"logo\":{\"@type\":\"ImageObject\",\"inLanguage\":\"es\",\"@id\":\"https:\\\/\\\/cedhchihuahua.org.mx\\\/wp\\\/#\\\/schema\\\/logo\\\/image\\\/\",\"url\":\"https:\\\/\\\/cedhchihuahua.org.mx\\\/wp\\\/wp-content\\\/uploads\\\/2021\\\/05\\\/cedh-2024.png\",\"contentUrl\":\"https:\\\/\\\/cedhchihuahua.org.mx\\\/wp\\\/wp-content\\\/uploads\\\/2021\\\/05\\\/cedh-2024.png\",\"width\":827,\"height\":929,\"caption\":\"Comisi\u00f3n Estatal de los Derechos Humanos de Chihuahua\"},\"image\":{\"@id\":\"https:\\\/\\\/cedhchihuahua.org.mx\\\/wp\\\/#\\\/schema\\\/logo\\\/image\\\/\"},\"sameAs\":[\"https:\\\/\\\/www.facebook.com\\\/CEDHChihuahua\",\"https:\\\/\\\/x.com\\\/cedhchihuahua\",\"https:\\\/\\\/www.instagram.com\\\/cedhchih\\\/\",\"https:\\\/\\\/www.youtube.com\\\/@cedhchih\",\"https:\\\/\\\/www.tiktok.com\\\/@cedhchih\"]},{\"@type\":\"Person\",\"@id\":\"https:\\\/\\\/cedhchihuahua.org.mx\\\/wp\\\/#\\\/schema\\\/person\\\/357a6a63e837fb72d8561f0cf3e8dff1\",\"name\":\"Comunicaci\u00f3n Social\",\"image\":{\"@type\":\"ImageObject\",\"inLanguage\":\"es\",\"@id\":\"https:\\\/\\\/secure.gravatar.com\\\/avatar\\\/29a25727d7bb4acfb5dfce4ba78083dff3bf21cd30539b5bcbf30a4106568c5a?s=96&d=blank&r=g\",\"url\":\"https:\\\/\\\/secure.gravatar.com\\\/avatar\\\/29a25727d7bb4acfb5dfce4ba78083dff3bf21cd30539b5bcbf30a4106568c5a?s=96&d=blank&r=g\",\"contentUrl\":\"https:\\\/\\\/secure.gravatar.com\\\/avatar\\\/29a25727d7bb4acfb5dfce4ba78083dff3bf21cd30539b5bcbf30a4106568c5a?s=96&d=blank&r=g\",\"caption\":\"Comunicaci\u00f3n Social\"},\"sameAs\":[\"https:\\\/\\\/cedhchihuahua.org.mx\"],\"url\":\"https:\\\/\\\/cedhchihuahua.org.mx\\\/wp\\\/author\\\/comunicacion-social\\\/\"}]}<\/script>\n<!-- \/ Yoast SEO plugin. -->","yoast_head_json":{"title":"Recibe CEDH Chihuahua a C\u00f3nsul General de Guatemala | Comisi\u00f3n Estatal de los Derechos Humanos de Chihuahua","robots":{"index":"index","follow":"follow","max-snippet":"max-snippet:-1","max-image-preview":"max-image-preview:large","max-video-preview":"max-video-preview:-1"},"canonical":"https:\/\/cedhchihuahua.org.mx\/wp\/2022\/04\/27\/recibe-cedh-chihuahua-a-consul-general-de-guatemala\/","og_locale":"es_ES","og_type":"article","og_title":"Recibe CEDH Chihuahua a C\u00f3nsul General de Guatemala | Comisi\u00f3n Estatal de los Derechos Humanos de Chihuahua","og_description":"Trabajar\u00e1n de manera coordinada para proteger a personas en situaci\u00f3n de movilidad originarias de ese pa\u00eds El presidente de la Comisi\u00f3n Estatal de los Derechos Humanos de Chihuahua (CEDH), N\u00e9stor Armend\u00e1riz Loya, sostuvo una reuni\u00f3n de trabajo con el C\u00f3nsul General de Guatemala, Erick Cardona Ch\u00e1vez, en la que acordaron unir esfuerzos para atender y [&hellip;]","og_url":"https:\/\/cedhchihuahua.org.mx\/wp\/2022\/04\/27\/recibe-cedh-chihuahua-a-consul-general-de-guatemala\/","og_site_name":"Comisi\u00f3n Estatal de los Derechos Humanos de Chihuahua","article_publisher":"https:\/\/www.facebook.com\/CEDHChihuahua","article_published_time":"2022-04-27T21:17:08+00:00","article_modified_time":"2022-04-27T21:17:09+00:00","og_image":[{"width":1221,"height":959,"url":"https:\/\/cedhchihuahua.org.mx\/wp\/wp-content\/uploads\/2022\/04\/consul-1.jpeg","type":"image\/jpeg"}],"author":"Comunicaci\u00f3n Social","twitter_card":"summary_large_image","twitter_creator":"@cedhchihuahua","twitter_site":"@cedhchihuahua","twitter_misc":{"Escrito por":"Comunicaci\u00f3n Social","Tiempo de lectura":"2 minutos"},"schema":{"@context":"https:\/\/schema.org","@graph":[{"@type":"Article","@id":"https:\/\/cedhchihuahua.org.mx\/wp\/2022\/04\/27\/recibe-cedh-chihuahua-a-consul-general-de-guatemala\/#article","isPartOf":{"@id":"https:\/\/cedhchihuahua.org.mx\/wp\/2022\/04\/27\/recibe-cedh-chihuahua-a-consul-general-de-guatemala\/"},"author":{"name":"Comunicaci\u00f3n Social","@id":"https:\/\/cedhchihuahua.org.mx\/wp\/#\/schema\/person\/357a6a63e837fb72d8561f0cf3e8dff1"},"headline":"Recibe CEDH Chihuahua a C\u00f3nsul General de Guatemala","datePublished":"2022-04-27T21:17:08+00:00","dateModified":"2022-04-27T21:17:09+00:00","mainEntityOfPage":{"@id":"https:\/\/cedhchihuahua.org.mx\/wp\/2022\/04\/27\/recibe-cedh-chihuahua-a-consul-general-de-guatemala\/"},"wordCount":330,"publisher":{"@id":"https:\/\/cedhchihuahua.org.mx\/wp\/#organization"},"image":{"@id":"https:\/\/cedhchihuahua.org.mx\/wp\/2022\/04\/27\/recibe-cedh-chihuahua-a-consul-general-de-guatemala\/#primaryimage"},"thumbnailUrl":"https:\/\/cedhchihuahua.org.mx\/wp\/wp-content\/uploads\/2022\/04\/consul-1.jpeg","articleSection":["Prensa"],"inLanguage":"es"},{"@type":"WebPage","@id":"https:\/\/cedhchihuahua.org.mx\/wp\/2022\/04\/27\/recibe-cedh-chihuahua-a-consul-general-de-guatemala\/","url":"https:\/\/cedhchihuahua.org.mx\/wp\/2022\/04\/27\/recibe-cedh-chihuahua-a-consul-general-de-guatemala\/","name":"Recibe CEDH Chihuahua a C\u00f3nsul General de Guatemala | Comisi\u00f3n Estatal de los Derechos Humanos de Chihuahua","isPartOf":{"@id":"https:\/\/cedhchihuahua.org.mx\/wp\/#website"},"primaryImageOfPage":{"@id":"https:\/\/cedhchihuahua.org.mx\/wp\/2022\/04\/27\/recibe-cedh-chihuahua-a-consul-general-de-guatemala\/#primaryimage"},"image":{"@id":"https:\/\/cedhchihuahua.org.mx\/wp\/2022\/04\/27\/recibe-cedh-chihuahua-a-consul-general-de-guatemala\/#primaryimage"},"thumbnailUrl":"https:\/\/cedhchihuahua.org.mx\/wp\/wp-content\/uploads\/2022\/04\/consul-1.jpeg","datePublished":"2022-04-27T21:17:08+00:00","dateModified":"2022-04-27T21:17:09+00:00","breadcrumb":{"@id":"https:\/\/cedhchihuahua.org.mx\/wp\/2022\/04\/27\/recibe-cedh-chihuahua-a-consul-general-de-guatemala\/#breadcrumb"},"inLanguage":"es","potentialAction":[{"@type":"ReadAction","target":["https:\/\/cedhchihuahua.org.mx\/wp\/2022\/04\/27\/recibe-cedh-chihuahua-a-consul-general-de-guatemala\/"]}]},{"@type":"ImageObject","inLanguage":"es","@id":"https:\/\/cedhchihuahua.org.mx\/wp\/2022\/04\/27\/recibe-cedh-chihuahua-a-consul-general-de-guatemala\/#primaryimage","url":"https:\/\/cedhchihuahua.org.mx\/wp\/wp-content\/uploads\/2022\/04\/consul-1.jpeg","contentUrl":"https:\/\/cedhchihuahua.org.mx\/wp\/wp-content\/uploads\/2022\/04\/consul-1.jpeg","width":1221,"height":959},{"@type":"BreadcrumbList","@id":"https:\/\/cedhchihuahua.org.mx\/wp\/2022\/04\/27\/recibe-cedh-chihuahua-a-consul-general-de-guatemala\/#breadcrumb","itemListElement":[{"@type":"ListItem","position":1,"name":"Inicio","item":"https:\/\/cedhchihuahua.org.mx\/wp\/"},{"@type":"ListItem","position":2,"name":"Prensa","item":"https:\/\/cedhchihuahua.org.mx\/wp\/area\/prensa\/"},{"@type":"ListItem","position":3,"name":"Recibe CEDH Chihuahua a C\u00f3nsul General de Guatemala"}]},{"@type":"WebSite","@id":"https:\/\/cedhchihuahua.org.mx\/wp\/#website","url":"https:\/\/cedhchihuahua.org.mx\/wp\/","name":"Comisi\u00f3n Estatal de los Derechos Humanos de Chihuahua","description":"","publisher":{"@id":"https:\/\/cedhchihuahua.org.mx\/wp\/#organization"},"alternateName":"CEDH Chihuahua","potentialAction":[{"@type":"SearchAction","target":{"@type":"EntryPoint","urlTemplate":"https:\/\/cedhchihuahua.org.mx\/wp\/?s={search_term_string}"},"query-input":{"@type":"PropertyValueSpecification","valueRequired":true,"valueName":"search_term_string"}}],"inLanguage":"es"},{"@type":"Organization","@id":"https:\/\/cedhchihuahua.org.mx\/wp\/#organization","name":"Comisi\u00f3n Estatal de los Derechos Humanos de Chihuahua","alternateName":"CEDH Chihuahua","url":"https:\/\/cedhchihuahua.org.mx\/wp\/","logo":{"@type":"ImageObject","inLanguage":"es","@id":"https:\/\/cedhchihuahua.org.mx\/wp\/#\/schema\/logo\/image\/","url":"https:\/\/cedhchihuahua.org.mx\/wp\/wp-content\/uploads\/2021\/05\/cedh-2024.png","contentUrl":"https:\/\/cedhchihuahua.org.mx\/wp\/wp-content\/uploads\/2021\/05\/cedh-2024.png","width":827,"height":929,"caption":"Comisi\u00f3n Estatal de los Derechos Humanos de Chihuahua"},"image":{"@id":"https:\/\/cedhchihuahua.org.mx\/wp\/#\/schema\/logo\/image\/"},"sameAs":["https:\/\/www.facebook.com\/CEDHChihuahua","https:\/\/x.com\/cedhchihuahua","https:\/\/www.instagram.com\/cedhchih\/","https:\/\/www.youtube.com\/@cedhchih","https:\/\/www.tiktok.com\/@cedhchih"]},{"@type":"Person","@id":"https:\/\/cedhchihuahua.org.mx\/wp\/#\/schema\/person\/357a6a63e837fb72d8561f0cf3e8dff1","name":"Comunicaci\u00f3n Social","image":{"@type":"ImageObject","inLanguage":"es","@id":"https:\/\/secure.gravatar.com\/avatar\/29a25727d7bb4acfb5dfce4ba78083dff3bf21cd30539b5bcbf30a4106568c5a?s=96&d=blank&r=g","url":"https:\/\/secure.gravatar.com\/avatar\/29a25727d7bb4acfb5dfce4ba78083dff3bf21cd30539b5bcbf30a4106568c5a?s=96&d=blank&r=g","contentUrl":"https:\/\/secure.gravatar.com\/avatar\/29a25727d7bb4acfb5dfce4ba78083dff3bf21cd30539b5bcbf30a4106568c5a?s=96&d=blank&r=g","caption":"Comunicaci\u00f3n Social"},"sameAs":["https:\/\/cedhchihuahua.org.mx"],"url":"https:\/\/cedhchihuahua.org.mx\/wp\/author\/comunicacion-social\/"}]}},"_links":{"self":[{"href":"https:\/\/cedhchihuahua.org.mx\/wp\/wp-json\/wp\/v2\/posts\/8255","targetHints":{"allow":["GET"]}}],"collection":[{"href":"https:\/\/cedhchihuahua.org.mx\/wp\/wp-json\/wp\/v2\/posts"}],"about":[{"href":"https:\/\/cedhchihuahua.org.mx\/wp\/wp-json\/wp\/v2\/types\/post"}],"author":[{"embeddable":true,"href":"https:\/\/cedhchihuahua.org.mx\/wp\/wp-json\/wp\/v2\/users\/59"}],"replies":[{"embeddable":true,"href":"https:\/\/cedhchihuahua.org.mx\/wp\/wp-json\/wp\/v2\/comments?post=8255"}],"version-history":[{"count":1,"href":"https:\/\/cedhchihuahua.org.mx\/wp\/wp-json\/wp\/v2\/posts\/8255\/revisions"}],"predecessor-version":[{"id":8259,"href":"https:\/\/cedhchihuahua.org.mx\/wp\/wp-json\/wp\/v2\/posts\/8255\/revisions\/8259"}],"wp:featuredmedia":[{"embeddable":true,"href":"https:\/\/cedhchihuahua.org.mx\/wp\/wp-json\/wp\/v2\/media\/8258"}],"wp:attachment":[{"href":"https:\/\/cedhchihuahua.org.mx\/wp\/wp-json\/wp\/v2\/media?parent=8255"}],"wp:term":[{"taxonomy":"category","embeddable":true,"href":"https:\/\/cedhchihuahua.org.mx\/wp\/wp-json\/wp\/v2\/categories?post=8255"},{"taxonomy":"post_tag","embeddable":true,"href":"https:\/\/cedhchihuahua.org.mx\/wp\/wp-json\/wp\/v2\/tags?post=8255"}],"curies":[{"name":"wp","href":"https:\/\/api.w.org\/{rel}","templated":true}]}}