{"id":8787,"date":"2022-05-20T14:01:34","date_gmt":"2022-05-20T20:01:34","guid":{"rendered":"https:\/\/cedhchihuahua.org.mx\/wp\/?p=8787"},"modified":"2022-05-20T14:01:35","modified_gmt":"2022-05-20T20:01:35","slug":"brinda-cedh-capacitacion-en-derechos-humanos-al-dif-estatal","status":"publish","type":"post","link":"https:\/\/cedhchihuahua.org.mx\/wp\/2022\/05\/20\/brinda-cedh-capacitacion-en-derechos-humanos-al-dif-estatal\/","title":{"rendered":"Brinda CEDH capacitaci\u00f3n en Derechos Humanos al DIF Estatal"},"content":{"rendered":"\n<p><strong>Recibida por m\u00e1s de 500 personas trabajadoras de las diferentes \u00e1reas<\/strong><\/p>\n\n\n\n<p>Con el fin de sensibilizar y capacitar sobre la protecci\u00f3n y respeto de los derechos humanos, la Comisi\u00f3n Estatal de los Derechos Humanos de Chihuahua brind\u00f3 un programa de formaci\u00f3n en este tema, a 529 personas trabajadoras del sistema DIF estatal.<\/p>\n\n\n\n<p>Durante una semana, este organismo derecho humanista brind\u00f3 pl\u00e1ticas de manera presencial y virtual, sobre el Inter\u00e9s superior de la Ni\u00f1ez, Igualdad y no discriminaci\u00f3n, Diversidad sexual y Trato digno, al personal de las diferentes oficinas que conforman el DIF estatal.<\/p>\n\n\n\n<p>Las y los servidores p\u00fablicos capacitados pertenecen a las \u00e1reas de Direcci\u00f3n de alimentaci\u00f3n y desarrollo comunitario, Direcci\u00f3n de Rehabilitaci\u00f3n, Coordinaci\u00f3n de Atenci\u00f3n Ciudadana, Direcci\u00f3n de Esparcimiento, Procuradur\u00eda de Protecci\u00f3n a Ni\u00f1as, Ni\u00f1os y Adolescentes, Direcci\u00f3n de Fortalecimiento Familiar, Direcci\u00f3n de Planeaci\u00f3n, Coordinaci\u00f3n Jur\u00eddica , Direcci\u00f3n Administrativa, Direcci\u00f3n General y Comunicaci\u00f3n Social.<\/p>\n\n\n\n<p>El programa de formaci\u00f3n y capacitaci\u00f3n en derechos humanos que CEDH Chihuahua imparti\u00f3 al personal del DIF estatal se llev\u00f3 a cabo de forma presencial en las instalaciones del Museo Semilla en la ciudad de Chihuahua, y en virtual para el personal de las oficinas for\u00e1neas.<\/p>\n\n\n\n<figure class=\"wp-block-gallery has-nested-images columns-2 is-cropped wp-block-gallery-1 is-layout-flex wp-block-gallery-is-layout-flex\">\n<figure class=\"wp-block-image size-large\"><a href=\"https:\/\/cedhchihuahua.org.mx\/wp\/wp-content\/uploads\/2022\/05\/dif-04.jpeg\"><img fetchpriority=\"high\" decoding=\"async\" width=\"1024\" height=\"682\" data-id=\"8790\" src=\"https:\/\/cedhchihuahua.org.mx\/wp\/wp-content\/uploads\/2022\/05\/dif-04-1024x682.jpeg\" alt=\"\" class=\"wp-image-8790\" srcset=\"https:\/\/cedhchihuahua.org.mx\/wp\/wp-content\/uploads\/2022\/05\/dif-04-1024x682.jpeg 1024w, https:\/\/cedhchihuahua.org.mx\/wp\/wp-content\/uploads\/2022\/05\/dif-04-300x200.jpeg 300w, https:\/\/cedhchihuahua.org.mx\/wp\/wp-content\/uploads\/2022\/05\/dif-04-768x512.jpeg 768w, https:\/\/cedhchihuahua.org.mx\/wp\/wp-content\/uploads\/2022\/05\/dif-04-219x146.jpeg 219w, https:\/\/cedhchihuahua.org.mx\/wp\/wp-content\/uploads\/2022\/05\/dif-04-50x33.jpeg 50w, https:\/\/cedhchihuahua.org.mx\/wp\/wp-content\/uploads\/2022\/05\/dif-04-113x75.jpeg 113w, https:\/\/cedhchihuahua.org.mx\/wp\/wp-content\/uploads\/2022\/05\/dif-04-960x640.jpeg 960w, https:\/\/cedhchihuahua.org.mx\/wp\/wp-content\/uploads\/2022\/05\/dif-04.jpeg 1280w\" sizes=\"(max-width: 1024px) 100vw, 1024px\" \/><\/a><\/figure>\n\n\n\n<figure class=\"wp-block-image size-large\"><a href=\"https:\/\/cedhchihuahua.org.mx\/wp\/wp-content\/uploads\/2022\/05\/dif-03.jpeg\"><img decoding=\"async\" width=\"1024\" height=\"574\" data-id=\"8788\" src=\"https:\/\/cedhchihuahua.org.mx\/wp\/wp-content\/uploads\/2022\/05\/dif-03-1024x574.jpeg\" alt=\"\" class=\"wp-image-8788\" srcset=\"https:\/\/cedhchihuahua.org.mx\/wp\/wp-content\/uploads\/2022\/05\/dif-03-1024x574.jpeg 1024w, https:\/\/cedhchihuahua.org.mx\/wp\/wp-content\/uploads\/2022\/05\/dif-03-300x168.jpeg 300w, https:\/\/cedhchihuahua.org.mx\/wp\/wp-content\/uploads\/2022\/05\/dif-03-768x431.jpeg 768w, https:\/\/cedhchihuahua.org.mx\/wp\/wp-content\/uploads\/2022\/05\/dif-03-260x146.jpeg 260w, https:\/\/cedhchihuahua.org.mx\/wp\/wp-content\/uploads\/2022\/05\/dif-03-50x28.jpeg 50w, https:\/\/cedhchihuahua.org.mx\/wp\/wp-content\/uploads\/2022\/05\/dif-03-134x75.jpeg 134w, https:\/\/cedhchihuahua.org.mx\/wp\/wp-content\/uploads\/2022\/05\/dif-03-960x539.jpeg 960w, https:\/\/cedhchihuahua.org.mx\/wp\/wp-content\/uploads\/2022\/05\/dif-03.jpeg 1280w\" sizes=\"(max-width: 1024px) 100vw, 1024px\" \/><\/a><\/figure>\n\n\n\n<figure class=\"wp-block-image size-large\"><a href=\"https:\/\/cedhchihuahua.org.mx\/wp\/wp-content\/uploads\/2022\/05\/dif-02.jpeg\"><img decoding=\"async\" width=\"1024\" height=\"682\" data-id=\"8789\" src=\"https:\/\/cedhchihuahua.org.mx\/wp\/wp-content\/uploads\/2022\/05\/dif-02-1024x682.jpeg\" alt=\"\" class=\"wp-image-8789\" srcset=\"https:\/\/cedhchihuahua.org.mx\/wp\/wp-content\/uploads\/2022\/05\/dif-02-1024x682.jpeg 1024w, https:\/\/cedhchihuahua.org.mx\/wp\/wp-content\/uploads\/2022\/05\/dif-02-300x200.jpeg 300w, https:\/\/cedhchihuahua.org.mx\/wp\/wp-content\/uploads\/2022\/05\/dif-02-768x512.jpeg 768w, https:\/\/cedhchihuahua.org.mx\/wp\/wp-content\/uploads\/2022\/05\/dif-02-219x146.jpeg 219w, https:\/\/cedhchihuahua.org.mx\/wp\/wp-content\/uploads\/2022\/05\/dif-02-50x33.jpeg 50w, https:\/\/cedhchihuahua.org.mx\/wp\/wp-content\/uploads\/2022\/05\/dif-02-113x75.jpeg 113w, https:\/\/cedhchihuahua.org.mx\/wp\/wp-content\/uploads\/2022\/05\/dif-02-960x640.jpeg 960w, https:\/\/cedhchihuahua.org.mx\/wp\/wp-content\/uploads\/2022\/05\/dif-02.jpeg 1280w\" sizes=\"(max-width: 1024px) 100vw, 1024px\" \/><\/a><\/figure>\n\n\n\n<figure class=\"wp-block-image size-large\"><a href=\"https:\/\/cedhchihuahua.org.mx\/wp\/wp-content\/uploads\/2022\/05\/dif-01.jpeg\"><img loading=\"lazy\" decoding=\"async\" width=\"1024\" height=\"682\" data-id=\"8791\" src=\"https:\/\/cedhchihuahua.org.mx\/wp\/wp-content\/uploads\/2022\/05\/dif-01-1024x682.jpeg\" alt=\"\" class=\"wp-image-8791\" srcset=\"https:\/\/cedhchihuahua.org.mx\/wp\/wp-content\/uploads\/2022\/05\/dif-01-1024x682.jpeg 1024w, https:\/\/cedhchihuahua.org.mx\/wp\/wp-content\/uploads\/2022\/05\/dif-01-300x200.jpeg 300w, https:\/\/cedhchihuahua.org.mx\/wp\/wp-content\/uploads\/2022\/05\/dif-01-768x512.jpeg 768w, https:\/\/cedhchihuahua.org.mx\/wp\/wp-content\/uploads\/2022\/05\/dif-01-219x146.jpeg 219w, https:\/\/cedhchihuahua.org.mx\/wp\/wp-content\/uploads\/2022\/05\/dif-01-50x33.jpeg 50w, https:\/\/cedhchihuahua.org.mx\/wp\/wp-content\/uploads\/2022\/05\/dif-01-113x75.jpeg 113w, https:\/\/cedhchihuahua.org.mx\/wp\/wp-content\/uploads\/2022\/05\/dif-01-960x640.jpeg 960w, https:\/\/cedhchihuahua.org.mx\/wp\/wp-content\/uploads\/2022\/05\/dif-01.jpeg 1280w\" sizes=\"(max-width: 1024px) 100vw, 1024px\" \/><\/a><\/figure>\n<\/figure>\n","protected":false},"excerpt":{"rendered":"<p>Recibida por m\u00e1s de 500 personas trabajadoras de las diferentes \u00e1reas Con el fin de sensibilizar y capacitar sobre la protecci\u00f3n y respeto de los derechos humanos, la Comisi\u00f3n Estatal de los Derechos Humanos de Chihuahua brind\u00f3 un programa de formaci\u00f3n en este tema, a 529 personas trabajadoras del sistema DIF estatal. Durante una semana, [&hellip;]<\/p>\n","protected":false},"author":59,"featured_media":8791,"comment_status":"closed","ping_status":"closed","sticky":false,"template":"","format":"standard","meta":{"footnotes":""},"categories":[1],"tags":[],"class_list":["post-8787","post","type-post","status-publish","format-standard","has-post-thumbnail","hentry","category-prensa"],"yoast_head":"<!-- This site is optimized with the Yoast SEO plugin v27.4 - https:\/\/yoast.com\/product\/yoast-seo-wordpress\/ -->\n<title>Brinda CEDH capacitaci\u00f3n en Derechos Humanos al DIF Estatal | Comisi\u00f3n Estatal de los Derechos Humanos de Chihuahua<\/title>\n<meta name=\"robots\" content=\"index, follow, max-snippet:-1, max-image-preview:large, max-video-preview:-1\" \/>\n<link rel=\"canonical\" href=\"https:\/\/cedhchihuahua.org.mx\/wp\/2022\/05\/20\/brinda-cedh-capacitacion-en-derechos-humanos-al-dif-estatal\/\" \/>\n<meta property=\"og:locale\" content=\"es_ES\" \/>\n<meta property=\"og:type\" content=\"article\" \/>\n<meta property=\"og:title\" content=\"Brinda CEDH capacitaci\u00f3n en Derechos Humanos al DIF Estatal | Comisi\u00f3n Estatal de los Derechos Humanos de Chihuahua\" \/>\n<meta property=\"og:description\" content=\"Recibida por m\u00e1s de 500 personas trabajadoras de las diferentes \u00e1reas Con el fin de sensibilizar y capacitar sobre la protecci\u00f3n y respeto de los derechos humanos, la Comisi\u00f3n Estatal de los Derechos Humanos de Chihuahua brind\u00f3 un programa de formaci\u00f3n en este tema, a 529 personas trabajadoras del sistema DIF estatal. Durante una semana, [&hellip;]\" \/>\n<meta property=\"og:url\" content=\"https:\/\/cedhchihuahua.org.mx\/wp\/2022\/05\/20\/brinda-cedh-capacitacion-en-derechos-humanos-al-dif-estatal\/\" \/>\n<meta property=\"og:site_name\" content=\"Comisi\u00f3n Estatal de los Derechos Humanos de Chihuahua\" \/>\n<meta property=\"article:publisher\" content=\"https:\/\/www.facebook.com\/CEDHChihuahua\" \/>\n<meta property=\"article:published_time\" content=\"2022-05-20T20:01:34+00:00\" \/>\n<meta property=\"article:modified_time\" content=\"2022-05-20T20:01:35+00:00\" \/>\n<meta property=\"og:image\" content=\"https:\/\/cedhchihuahua.org.mx\/wp\/wp-content\/uploads\/2022\/05\/dif-01.jpeg\" \/>\n\t<meta property=\"og:image:width\" content=\"1280\" \/>\n\t<meta property=\"og:image:height\" content=\"853\" \/>\n\t<meta property=\"og:image:type\" content=\"image\/jpeg\" \/>\n<meta name=\"author\" content=\"Comunicaci\u00f3n Social\" \/>\n<meta name=\"twitter:card\" content=\"summary_large_image\" \/>\n<meta name=\"twitter:creator\" content=\"@cedhchihuahua\" \/>\n<meta name=\"twitter:site\" content=\"@cedhchihuahua\" \/>\n<meta name=\"twitter:label1\" content=\"Escrito por\" \/>\n\t<meta name=\"twitter:data1\" content=\"Comunicaci\u00f3n Social\" \/>\n\t<meta name=\"twitter:label2\" content=\"Tiempo de lectura\" \/>\n\t<meta name=\"twitter:data2\" content=\"1 minuto\" \/>\n<script type=\"application\/ld+json\" class=\"yoast-schema-graph\">{\"@context\":\"https:\\\/\\\/schema.org\",\"@graph\":[{\"@type\":\"Article\",\"@id\":\"https:\\\/\\\/cedhchihuahua.org.mx\\\/wp\\\/2022\\\/05\\\/20\\\/brinda-cedh-capacitacion-en-derechos-humanos-al-dif-estatal\\\/#article\",\"isPartOf\":{\"@id\":\"https:\\\/\\\/cedhchihuahua.org.mx\\\/wp\\\/2022\\\/05\\\/20\\\/brinda-cedh-capacitacion-en-derechos-humanos-al-dif-estatal\\\/\"},\"author\":{\"name\":\"Comunicaci\u00f3n Social\",\"@id\":\"https:\\\/\\\/cedhchihuahua.org.mx\\\/wp\\\/#\\\/schema\\\/person\\\/357a6a63e837fb72d8561f0cf3e8dff1\"},\"headline\":\"Brinda CEDH capacitaci\u00f3n en Derechos Humanos al DIF Estatal\",\"datePublished\":\"2022-05-20T20:01:34+00:00\",\"dateModified\":\"2022-05-20T20:01:35+00:00\",\"mainEntityOfPage\":{\"@id\":\"https:\\\/\\\/cedhchihuahua.org.mx\\\/wp\\\/2022\\\/05\\\/20\\\/brinda-cedh-capacitacion-en-derechos-humanos-al-dif-estatal\\\/\"},\"wordCount\":229,\"publisher\":{\"@id\":\"https:\\\/\\\/cedhchihuahua.org.mx\\\/wp\\\/#organization\"},\"image\":{\"@id\":\"https:\\\/\\\/cedhchihuahua.org.mx\\\/wp\\\/2022\\\/05\\\/20\\\/brinda-cedh-capacitacion-en-derechos-humanos-al-dif-estatal\\\/#primaryimage\"},\"thumbnailUrl\":\"https:\\\/\\\/cedhchihuahua.org.mx\\\/wp\\\/wp-content\\\/uploads\\\/2022\\\/05\\\/dif-01.jpeg\",\"articleSection\":[\"Prensa\"],\"inLanguage\":\"es\"},{\"@type\":\"WebPage\",\"@id\":\"https:\\\/\\\/cedhchihuahua.org.mx\\\/wp\\\/2022\\\/05\\\/20\\\/brinda-cedh-capacitacion-en-derechos-humanos-al-dif-estatal\\\/\",\"url\":\"https:\\\/\\\/cedhchihuahua.org.mx\\\/wp\\\/2022\\\/05\\\/20\\\/brinda-cedh-capacitacion-en-derechos-humanos-al-dif-estatal\\\/\",\"name\":\"Brinda CEDH capacitaci\u00f3n en Derechos Humanos al DIF Estatal | Comisi\u00f3n Estatal de los Derechos Humanos de Chihuahua\",\"isPartOf\":{\"@id\":\"https:\\\/\\\/cedhchihuahua.org.mx\\\/wp\\\/#website\"},\"primaryImageOfPage\":{\"@id\":\"https:\\\/\\\/cedhchihuahua.org.mx\\\/wp\\\/2022\\\/05\\\/20\\\/brinda-cedh-capacitacion-en-derechos-humanos-al-dif-estatal\\\/#primaryimage\"},\"image\":{\"@id\":\"https:\\\/\\\/cedhchihuahua.org.mx\\\/wp\\\/2022\\\/05\\\/20\\\/brinda-cedh-capacitacion-en-derechos-humanos-al-dif-estatal\\\/#primaryimage\"},\"thumbnailUrl\":\"https:\\\/\\\/cedhchihuahua.org.mx\\\/wp\\\/wp-content\\\/uploads\\\/2022\\\/05\\\/dif-01.jpeg\",\"datePublished\":\"2022-05-20T20:01:34+00:00\",\"dateModified\":\"2022-05-20T20:01:35+00:00\",\"breadcrumb\":{\"@id\":\"https:\\\/\\\/cedhchihuahua.org.mx\\\/wp\\\/2022\\\/05\\\/20\\\/brinda-cedh-capacitacion-en-derechos-humanos-al-dif-estatal\\\/#breadcrumb\"},\"inLanguage\":\"es\",\"potentialAction\":[{\"@type\":\"ReadAction\",\"target\":[\"https:\\\/\\\/cedhchihuahua.org.mx\\\/wp\\\/2022\\\/05\\\/20\\\/brinda-cedh-capacitacion-en-derechos-humanos-al-dif-estatal\\\/\"]}]},{\"@type\":\"ImageObject\",\"inLanguage\":\"es\",\"@id\":\"https:\\\/\\\/cedhchihuahua.org.mx\\\/wp\\\/2022\\\/05\\\/20\\\/brinda-cedh-capacitacion-en-derechos-humanos-al-dif-estatal\\\/#primaryimage\",\"url\":\"https:\\\/\\\/cedhchihuahua.org.mx\\\/wp\\\/wp-content\\\/uploads\\\/2022\\\/05\\\/dif-01.jpeg\",\"contentUrl\":\"https:\\\/\\\/cedhchihuahua.org.mx\\\/wp\\\/wp-content\\\/uploads\\\/2022\\\/05\\\/dif-01.jpeg\",\"width\":1280,\"height\":853},{\"@type\":\"BreadcrumbList\",\"@id\":\"https:\\\/\\\/cedhchihuahua.org.mx\\\/wp\\\/2022\\\/05\\\/20\\\/brinda-cedh-capacitacion-en-derechos-humanos-al-dif-estatal\\\/#breadcrumb\",\"itemListElement\":[{\"@type\":\"ListItem\",\"position\":1,\"name\":\"Inicio\",\"item\":\"https:\\\/\\\/cedhchihuahua.org.mx\\\/wp\\\/\"},{\"@type\":\"ListItem\",\"position\":2,\"name\":\"Prensa\",\"item\":\"https:\\\/\\\/cedhchihuahua.org.mx\\\/wp\\\/area\\\/prensa\\\/\"},{\"@type\":\"ListItem\",\"position\":3,\"name\":\"Brinda CEDH capacitaci\u00f3n en Derechos Humanos al DIF Estatal\"}]},{\"@type\":\"WebSite\",\"@id\":\"https:\\\/\\\/cedhchihuahua.org.mx\\\/wp\\\/#website\",\"url\":\"https:\\\/\\\/cedhchihuahua.org.mx\\\/wp\\\/\",\"name\":\"Comisi\u00f3n Estatal de los Derechos Humanos de Chihuahua\",\"description\":\"\",\"publisher\":{\"@id\":\"https:\\\/\\\/cedhchihuahua.org.mx\\\/wp\\\/#organization\"},\"alternateName\":\"CEDH Chihuahua\",\"potentialAction\":[{\"@type\":\"SearchAction\",\"target\":{\"@type\":\"EntryPoint\",\"urlTemplate\":\"https:\\\/\\\/cedhchihuahua.org.mx\\\/wp\\\/?s={search_term_string}\"},\"query-input\":{\"@type\":\"PropertyValueSpecification\",\"valueRequired\":true,\"valueName\":\"search_term_string\"}}],\"inLanguage\":\"es\"},{\"@type\":\"Organization\",\"@id\":\"https:\\\/\\\/cedhchihuahua.org.mx\\\/wp\\\/#organization\",\"name\":\"Comisi\u00f3n Estatal de los Derechos Humanos de Chihuahua\",\"alternateName\":\"CEDH Chihuahua\",\"url\":\"https:\\\/\\\/cedhchihuahua.org.mx\\\/wp\\\/\",\"logo\":{\"@type\":\"ImageObject\",\"inLanguage\":\"es\",\"@id\":\"https:\\\/\\\/cedhchihuahua.org.mx\\\/wp\\\/#\\\/schema\\\/logo\\\/image\\\/\",\"url\":\"https:\\\/\\\/cedhchihuahua.org.mx\\\/wp\\\/wp-content\\\/uploads\\\/2021\\\/05\\\/cedh-2024.png\",\"contentUrl\":\"https:\\\/\\\/cedhchihuahua.org.mx\\\/wp\\\/wp-content\\\/uploads\\\/2021\\\/05\\\/cedh-2024.png\",\"width\":827,\"height\":929,\"caption\":\"Comisi\u00f3n Estatal de los Derechos Humanos de Chihuahua\"},\"image\":{\"@id\":\"https:\\\/\\\/cedhchihuahua.org.mx\\\/wp\\\/#\\\/schema\\\/logo\\\/image\\\/\"},\"sameAs\":[\"https:\\\/\\\/www.facebook.com\\\/CEDHChihuahua\",\"https:\\\/\\\/x.com\\\/cedhchihuahua\",\"https:\\\/\\\/www.instagram.com\\\/cedhchih\\\/\",\"https:\\\/\\\/www.youtube.com\\\/@cedhchih\",\"https:\\\/\\\/www.tiktok.com\\\/@cedhchih\"]},{\"@type\":\"Person\",\"@id\":\"https:\\\/\\\/cedhchihuahua.org.mx\\\/wp\\\/#\\\/schema\\\/person\\\/357a6a63e837fb72d8561f0cf3e8dff1\",\"name\":\"Comunicaci\u00f3n Social\",\"image\":{\"@type\":\"ImageObject\",\"inLanguage\":\"es\",\"@id\":\"https:\\\/\\\/secure.gravatar.com\\\/avatar\\\/29a25727d7bb4acfb5dfce4ba78083dff3bf21cd30539b5bcbf30a4106568c5a?s=96&d=blank&r=g\",\"url\":\"https:\\\/\\\/secure.gravatar.com\\\/avatar\\\/29a25727d7bb4acfb5dfce4ba78083dff3bf21cd30539b5bcbf30a4106568c5a?s=96&d=blank&r=g\",\"contentUrl\":\"https:\\\/\\\/secure.gravatar.com\\\/avatar\\\/29a25727d7bb4acfb5dfce4ba78083dff3bf21cd30539b5bcbf30a4106568c5a?s=96&d=blank&r=g\",\"caption\":\"Comunicaci\u00f3n Social\"},\"sameAs\":[\"https:\\\/\\\/cedhchihuahua.org.mx\"],\"url\":\"https:\\\/\\\/cedhchihuahua.org.mx\\\/wp\\\/author\\\/comunicacion-social\\\/\"}]}<\/script>\n<!-- \/ Yoast SEO plugin. -->","yoast_head_json":{"title":"Brinda CEDH capacitaci\u00f3n en Derechos Humanos al DIF Estatal | Comisi\u00f3n Estatal de los Derechos Humanos de Chihuahua","robots":{"index":"index","follow":"follow","max-snippet":"max-snippet:-1","max-image-preview":"max-image-preview:large","max-video-preview":"max-video-preview:-1"},"canonical":"https:\/\/cedhchihuahua.org.mx\/wp\/2022\/05\/20\/brinda-cedh-capacitacion-en-derechos-humanos-al-dif-estatal\/","og_locale":"es_ES","og_type":"article","og_title":"Brinda CEDH capacitaci\u00f3n en Derechos Humanos al DIF Estatal | Comisi\u00f3n Estatal de los Derechos Humanos de Chihuahua","og_description":"Recibida por m\u00e1s de 500 personas trabajadoras de las diferentes \u00e1reas Con el fin de sensibilizar y capacitar sobre la protecci\u00f3n y respeto de los derechos humanos, la Comisi\u00f3n Estatal de los Derechos Humanos de Chihuahua brind\u00f3 un programa de formaci\u00f3n en este tema, a 529 personas trabajadoras del sistema DIF estatal. Durante una semana, [&hellip;]","og_url":"https:\/\/cedhchihuahua.org.mx\/wp\/2022\/05\/20\/brinda-cedh-capacitacion-en-derechos-humanos-al-dif-estatal\/","og_site_name":"Comisi\u00f3n Estatal de los Derechos Humanos de Chihuahua","article_publisher":"https:\/\/www.facebook.com\/CEDHChihuahua","article_published_time":"2022-05-20T20:01:34+00:00","article_modified_time":"2022-05-20T20:01:35+00:00","og_image":[{"width":1280,"height":853,"url":"https:\/\/cedhchihuahua.org.mx\/wp\/wp-content\/uploads\/2022\/05\/dif-01.jpeg","type":"image\/jpeg"}],"author":"Comunicaci\u00f3n Social","twitter_card":"summary_large_image","twitter_creator":"@cedhchihuahua","twitter_site":"@cedhchihuahua","twitter_misc":{"Escrito por":"Comunicaci\u00f3n Social","Tiempo de lectura":"1 minuto"},"schema":{"@context":"https:\/\/schema.org","@graph":[{"@type":"Article","@id":"https:\/\/cedhchihuahua.org.mx\/wp\/2022\/05\/20\/brinda-cedh-capacitacion-en-derechos-humanos-al-dif-estatal\/#article","isPartOf":{"@id":"https:\/\/cedhchihuahua.org.mx\/wp\/2022\/05\/20\/brinda-cedh-capacitacion-en-derechos-humanos-al-dif-estatal\/"},"author":{"name":"Comunicaci\u00f3n Social","@id":"https:\/\/cedhchihuahua.org.mx\/wp\/#\/schema\/person\/357a6a63e837fb72d8561f0cf3e8dff1"},"headline":"Brinda CEDH capacitaci\u00f3n en Derechos Humanos al DIF Estatal","datePublished":"2022-05-20T20:01:34+00:00","dateModified":"2022-05-20T20:01:35+00:00","mainEntityOfPage":{"@id":"https:\/\/cedhchihuahua.org.mx\/wp\/2022\/05\/20\/brinda-cedh-capacitacion-en-derechos-humanos-al-dif-estatal\/"},"wordCount":229,"publisher":{"@id":"https:\/\/cedhchihuahua.org.mx\/wp\/#organization"},"image":{"@id":"https:\/\/cedhchihuahua.org.mx\/wp\/2022\/05\/20\/brinda-cedh-capacitacion-en-derechos-humanos-al-dif-estatal\/#primaryimage"},"thumbnailUrl":"https:\/\/cedhchihuahua.org.mx\/wp\/wp-content\/uploads\/2022\/05\/dif-01.jpeg","articleSection":["Prensa"],"inLanguage":"es"},{"@type":"WebPage","@id":"https:\/\/cedhchihuahua.org.mx\/wp\/2022\/05\/20\/brinda-cedh-capacitacion-en-derechos-humanos-al-dif-estatal\/","url":"https:\/\/cedhchihuahua.org.mx\/wp\/2022\/05\/20\/brinda-cedh-capacitacion-en-derechos-humanos-al-dif-estatal\/","name":"Brinda CEDH capacitaci\u00f3n en Derechos Humanos al DIF Estatal | Comisi\u00f3n Estatal de los Derechos Humanos de Chihuahua","isPartOf":{"@id":"https:\/\/cedhchihuahua.org.mx\/wp\/#website"},"primaryImageOfPage":{"@id":"https:\/\/cedhchihuahua.org.mx\/wp\/2022\/05\/20\/brinda-cedh-capacitacion-en-derechos-humanos-al-dif-estatal\/#primaryimage"},"image":{"@id":"https:\/\/cedhchihuahua.org.mx\/wp\/2022\/05\/20\/brinda-cedh-capacitacion-en-derechos-humanos-al-dif-estatal\/#primaryimage"},"thumbnailUrl":"https:\/\/cedhchihuahua.org.mx\/wp\/wp-content\/uploads\/2022\/05\/dif-01.jpeg","datePublished":"2022-05-20T20:01:34+00:00","dateModified":"2022-05-20T20:01:35+00:00","breadcrumb":{"@id":"https:\/\/cedhchihuahua.org.mx\/wp\/2022\/05\/20\/brinda-cedh-capacitacion-en-derechos-humanos-al-dif-estatal\/#breadcrumb"},"inLanguage":"es","potentialAction":[{"@type":"ReadAction","target":["https:\/\/cedhchihuahua.org.mx\/wp\/2022\/05\/20\/brinda-cedh-capacitacion-en-derechos-humanos-al-dif-estatal\/"]}]},{"@type":"ImageObject","inLanguage":"es","@id":"https:\/\/cedhchihuahua.org.mx\/wp\/2022\/05\/20\/brinda-cedh-capacitacion-en-derechos-humanos-al-dif-estatal\/#primaryimage","url":"https:\/\/cedhchihuahua.org.mx\/wp\/wp-content\/uploads\/2022\/05\/dif-01.jpeg","contentUrl":"https:\/\/cedhchihuahua.org.mx\/wp\/wp-content\/uploads\/2022\/05\/dif-01.jpeg","width":1280,"height":853},{"@type":"BreadcrumbList","@id":"https:\/\/cedhchihuahua.org.mx\/wp\/2022\/05\/20\/brinda-cedh-capacitacion-en-derechos-humanos-al-dif-estatal\/#breadcrumb","itemListElement":[{"@type":"ListItem","position":1,"name":"Inicio","item":"https:\/\/cedhchihuahua.org.mx\/wp\/"},{"@type":"ListItem","position":2,"name":"Prensa","item":"https:\/\/cedhchihuahua.org.mx\/wp\/area\/prensa\/"},{"@type":"ListItem","position":3,"name":"Brinda CEDH capacitaci\u00f3n en Derechos Humanos al DIF Estatal"}]},{"@type":"WebSite","@id":"https:\/\/cedhchihuahua.org.mx\/wp\/#website","url":"https:\/\/cedhchihuahua.org.mx\/wp\/","name":"Comisi\u00f3n Estatal de los Derechos Humanos de Chihuahua","description":"","publisher":{"@id":"https:\/\/cedhchihuahua.org.mx\/wp\/#organization"},"alternateName":"CEDH Chihuahua","potentialAction":[{"@type":"SearchAction","target":{"@type":"EntryPoint","urlTemplate":"https:\/\/cedhchihuahua.org.mx\/wp\/?s={search_term_string}"},"query-input":{"@type":"PropertyValueSpecification","valueRequired":true,"valueName":"search_term_string"}}],"inLanguage":"es"},{"@type":"Organization","@id":"https:\/\/cedhchihuahua.org.mx\/wp\/#organization","name":"Comisi\u00f3n Estatal de los Derechos Humanos de Chihuahua","alternateName":"CEDH Chihuahua","url":"https:\/\/cedhchihuahua.org.mx\/wp\/","logo":{"@type":"ImageObject","inLanguage":"es","@id":"https:\/\/cedhchihuahua.org.mx\/wp\/#\/schema\/logo\/image\/","url":"https:\/\/cedhchihuahua.org.mx\/wp\/wp-content\/uploads\/2021\/05\/cedh-2024.png","contentUrl":"https:\/\/cedhchihuahua.org.mx\/wp\/wp-content\/uploads\/2021\/05\/cedh-2024.png","width":827,"height":929,"caption":"Comisi\u00f3n Estatal de los Derechos Humanos de Chihuahua"},"image":{"@id":"https:\/\/cedhchihuahua.org.mx\/wp\/#\/schema\/logo\/image\/"},"sameAs":["https:\/\/www.facebook.com\/CEDHChihuahua","https:\/\/x.com\/cedhchihuahua","https:\/\/www.instagram.com\/cedhchih\/","https:\/\/www.youtube.com\/@cedhchih","https:\/\/www.tiktok.com\/@cedhchih"]},{"@type":"Person","@id":"https:\/\/cedhchihuahua.org.mx\/wp\/#\/schema\/person\/357a6a63e837fb72d8561f0cf3e8dff1","name":"Comunicaci\u00f3n Social","image":{"@type":"ImageObject","inLanguage":"es","@id":"https:\/\/secure.gravatar.com\/avatar\/29a25727d7bb4acfb5dfce4ba78083dff3bf21cd30539b5bcbf30a4106568c5a?s=96&d=blank&r=g","url":"https:\/\/secure.gravatar.com\/avatar\/29a25727d7bb4acfb5dfce4ba78083dff3bf21cd30539b5bcbf30a4106568c5a?s=96&d=blank&r=g","contentUrl":"https:\/\/secure.gravatar.com\/avatar\/29a25727d7bb4acfb5dfce4ba78083dff3bf21cd30539b5bcbf30a4106568c5a?s=96&d=blank&r=g","caption":"Comunicaci\u00f3n Social"},"sameAs":["https:\/\/cedhchihuahua.org.mx"],"url":"https:\/\/cedhchihuahua.org.mx\/wp\/author\/comunicacion-social\/"}]}},"_links":{"self":[{"href":"https:\/\/cedhchihuahua.org.mx\/wp\/wp-json\/wp\/v2\/posts\/8787","targetHints":{"allow":["GET"]}}],"collection":[{"href":"https:\/\/cedhchihuahua.org.mx\/wp\/wp-json\/wp\/v2\/posts"}],"about":[{"href":"https:\/\/cedhchihuahua.org.mx\/wp\/wp-json\/wp\/v2\/types\/post"}],"author":[{"embeddable":true,"href":"https:\/\/cedhchihuahua.org.mx\/wp\/wp-json\/wp\/v2\/users\/59"}],"replies":[{"embeddable":true,"href":"https:\/\/cedhchihuahua.org.mx\/wp\/wp-json\/wp\/v2\/comments?post=8787"}],"version-history":[{"count":1,"href":"https:\/\/cedhchihuahua.org.mx\/wp\/wp-json\/wp\/v2\/posts\/8787\/revisions"}],"predecessor-version":[{"id":8792,"href":"https:\/\/cedhchihuahua.org.mx\/wp\/wp-json\/wp\/v2\/posts\/8787\/revisions\/8792"}],"wp:featuredmedia":[{"embeddable":true,"href":"https:\/\/cedhchihuahua.org.mx\/wp\/wp-json\/wp\/v2\/media\/8791"}],"wp:attachment":[{"href":"https:\/\/cedhchihuahua.org.mx\/wp\/wp-json\/wp\/v2\/media?parent=8787"}],"wp:term":[{"taxonomy":"category","embeddable":true,"href":"https:\/\/cedhchihuahua.org.mx\/wp\/wp-json\/wp\/v2\/categories?post=8787"},{"taxonomy":"post_tag","embeddable":true,"href":"https:\/\/cedhchihuahua.org.mx\/wp\/wp-json\/wp\/v2\/tags?post=8787"}],"curies":[{"name":"wp","href":"https:\/\/api.w.org\/{rel}","templated":true}]}}